{"id":525,"date":"2024-05-24T19:43:00","date_gmt":"2024-05-24T19:43:00","guid":{"rendered":"https:\/\/interaccioninformativa.mx\/?p=525"},"modified":"2025-09-08T17:45:04","modified_gmt":"2025-09-08T17:45:04","slug":"autoridades-investigan-la-caida-de-escenario-con-nueve-muertos-en-mitin-politico-al-norte-de-mexico","status":"publish","type":"post","link":"https:\/\/interaccioninformativa.mx\/index.php\/2024\/05\/24\/autoridades-investigan-la-caida-de-escenario-con-nueve-muertos-en-mitin-politico-al-norte-de-mexico\/","title":{"rendered":"Autoridades investigan la ca\u00edda de escenario con nueve muertos en mitin pol\u00edtico al norte de M\u00e9xico"},"content":{"rendered":"\n<div class=\"wp-block-media-text is-stacked-on-mobile\"><figure class=\"wp-block-media-text__media\"><img loading=\"lazy\" decoding=\"async\" width=\"1024\" height=\"576\" src=\"https:\/\/interaccioninformativa.mx\/wp-content\/uploads\/2025\/07\/Autoridades-investigan-la-caida-de-escenario-con-nueve-muertos-en-mitin-politico-al-norte-de-Mexico-1024x576.jpg\" alt=\"\" class=\"wp-image-527 size-full\" srcset=\"https:\/\/interaccioninformativa.mx\/wp-content\/uploads\/2025\/07\/Autoridades-investigan-la-caida-de-escenario-con-nueve-muertos-en-mitin-politico-al-norte-de-Mexico-1024x576.jpg 1024w, https:\/\/interaccioninformativa.mx\/wp-content\/uploads\/2025\/07\/Autoridades-investigan-la-caida-de-escenario-con-nueve-muertos-en-mitin-politico-al-norte-de-Mexico-300x169.jpg 300w, https:\/\/interaccioninformativa.mx\/wp-content\/uploads\/2025\/07\/Autoridades-investigan-la-caida-de-escenario-con-nueve-muertos-en-mitin-politico-al-norte-de-Mexico-768x432.jpg 768w, https:\/\/interaccioninformativa.mx\/wp-content\/uploads\/2025\/07\/Autoridades-investigan-la-caida-de-escenario-con-nueve-muertos-en-mitin-politico-al-norte-de-Mexico.jpg 1080w\" sizes=\"auto, (max-width: 1024px) 100vw, 1024px\" \/><\/figure><div class=\"wp-block-media-text__content\">\n<p>SAN PEDRO GARZA GARC\u00cdA, M\u00e9xico (AP) \u2014 Las autoridades mexicanas iniciaron el jueves las investigaciones por la muerte de nueve personas y 189 lesionados en la ca\u00edda del escenario donde el candidato presidencial opositor Jorge \u00c1lvarez M\u00e1ynez realizaba un mitin en el estado norte\u00f1o de Nuevo Le\u00f3n.<\/p>\n<\/div><\/div>\n\n\n<p>El gobernador de ese estado, Samuel Garc\u00eda, dijo el jueves que en el accidente del d\u00eda anterior fallecieron nueve personas, entre ellas un menor, y otras 189 fueron atendidas en centros de salud.<\/p>\n<p>Hay 36 heridos que a\u00fan permanecen internados en hospitales, entre ellos, uno que est\u00e1 en condici\u00f3n grave, precis\u00f3 Garc\u00eda, dirigente de Movimiento Ciudadano, el mismo partido al que pertenece el candidato presidencial que daba el mitin ante 10.000 personas.<\/p>\n<p>Inicialmente las autoridades hab\u00edan reportado 121 heridos, pero durante el jueves otros pacientes acudieron a los hospitales.<\/p>\n<p>El inesperado suceso, que ocurri\u00f3 a una semana y media de las elecciones presidenciales, impact\u00f3 en la poblaci\u00f3n del lugar y recibi\u00f3 muestras de solidaridad y condolencias de las autoridades del pa\u00eds, como el presidente mexicano, Andr\u00e9s Manuel L\u00f3pez Obrador, y los tres aspirantes a la Presidencia.<\/p>\n<p>De acuerdo con una evaluaci\u00f3n preliminar de Protecci\u00f3n Civil, la ca\u00edda del escenario en la noche del mi\u00e9rcoles se debi\u00f3 a \u201cvientos at\u00edpicos\u201d con una velocidad entre 80 y 90 kil\u00f3metros por hora que duraron unos diez minutos, dijo a The Associated Press un funcionario estatal que habl\u00f3 en condici\u00f3n de anonimato porque no est\u00e1 autorizado a hacer declaraciones.<\/p>\n<p>Cuando se sinti\u00f3 el desplome de la carpa y de la pantalla gigante, la gente empez\u00f3 a saltar desde el escenario hacia donde pudo, explic\u00f3 el candidato M\u00e1ynez, que se dio un golpe en la cabeza al chocar con una compa\u00f1era que salt\u00f3 al mismo tiempo.<\/p>\n<p>Algunas personas quedaron temporalmente atrapadas por las estructuras, seg\u00fan dijo Miguel Trevi\u00f1o, el alcalde de San Pedro Garza Garc\u00eda, uno de los municipios m\u00e1s ricos del pa\u00eds situado junto a la capital de Nuevo Le\u00f3n, Monterrey.<\/p>\n<p>Funcionarios de Protecci\u00f3n Civil estatal se trasladaron el jueves al estadio de b\u00e9isbol El Obispo de San Pedro Garza Garc\u00eda, donde ocurri\u00f3 el accidente, cuya causa est\u00e1 siendo indagada.<\/p>\n<p>Por su parte, la Fiscal\u00eda de Nuevo Le\u00f3n abri\u00f3 una carpeta de investigaci\u00f3n del tr\u00e1gico evento y orden\u00f3 el aseguramiento del inmueble. Como parte del proceso se trasladaron peritos de la Fiscal\u00eda y elementos de la Agencia Estatal de Investigaciones para realizar inspecciones de campo y entrevistas a las personas lesionadas, inform\u00f3 el jueves esa dependencia en un comunicado.<\/p>\n<p>En declaraciones a la prensa el gobernador Garc\u00eda, afirm\u00f3 que la noche del mi\u00e9rcoles hubo \u201crachas de viento muy fuertes\u201d at\u00edpicas en la zona metropolitana de Monterrey, donde est\u00e1 ubicada San Pedro Garza Garc\u00eda, y se presume incidieron en el accidente.<\/p>\n<p>Garc\u00eda anunci\u00f3 que su gobierno indemnizar\u00e1 a las familias de las v\u00edctimas fatales y los lesionados mientras se recuperan.<\/p>\n<p>\u201cEsto ayer nos tom\u00f3 por sorpresa. No estaba ni siquiera pronosticado en la ciudad una tormenta y fue tan r\u00e1pido que el caso en particular de este cierre, el personal y quienes asistimos no podr\u00edamos dar cr\u00e9dito de lo sucedido\u201d, agreg\u00f3 sobre el mitin del candidato presidencial de su partido.<\/p>\n<p>\u00c1lvarez M\u00e1ynez es el \u00fanico hombre que aspira a la presidencia de M\u00e9xico en las elecciones del 2 de junio en las que la candidata oficialista, Claudia Sheinbaum, de Morena, es la clara favorita, seguida de otra mujer, X\u00f3chitl G\u00e1lvez, postulante de la coalici\u00f3n opositora formada por el Partido Revolucionario Institucional, Acci\u00f3n Nacional y el Partido de la Revoluci\u00f3n Democr\u00e1tica.<\/p>\n<p>Ambas se solidarizaron con lo ocurrido en el acto de Movimiento Ciudadano y Sheinbaum anunci\u00f3 que tambi\u00e9n cancelaba un mitin programado para el jueves en Monterrey.<\/p>\n<p>G\u00e1lvez expres\u00f3 el jueves, en un encuentro con la prensa extranjera en la capital mexicana, que el tr\u00e1gico incidente representa una \u201clecci\u00f3n para todos nosotros\u201d y asegur\u00f3 que su organizaci\u00f3n va a \u201credoblar\u201d la seguridad en los eventos p\u00fablicos durante los seis d\u00edas que restan de campa\u00f1a para evitar que se den situaciones similares.<\/p>\n<p>El gobernador Garc\u00eda indic\u00f3 el jueves m\u00e1s tarde, en un mensaje de su cuenta de X, que el evento se hizo \u201cconforme a la ley y los protocolos\u201d y cont\u00f3 con la presencia de Protecci\u00f3n Civil estatal y municipal.<\/p>\n<p>Analistas discreparon de la postura de las autoridades estatales y recordaron que la v\u00edspera la gubernamental Comisi\u00f3n Nacional del Agua hab\u00eda dicho en un comunicado que de acuerdo con los pron\u00f3sticos meteorol\u00f3gicos en los estados norte\u00f1os de Nuevo Le\u00f3n, Coahuila y Tamaulipas se preve\u00eda la \u201cposible formaci\u00f3n de torbellinos o tornados\u201d y vientos con ranchas de 50 a 70 kil\u00f3metros por hora.<\/p>\n<p>Durante su conferencia matutina el presidente mexicano Andr\u00e9s Manuel L\u00f3pez Obrador lament\u00f3 los hechos e indic\u00f3 que la Secretar\u00eda de la Defensa Nacional y Protecci\u00f3n Civil est\u00e1n apoyando a las autoridades de Nuevo Le\u00f3n en el caso.<\/p>\n<p>L\u00f3pez Obrador sali\u00f3 en defensa de Movimiento Ciudadano y dijo que \u201csabemos que ellos pues no tienen culpa. Ellos hacen sus actos como todos ahora que hay campa\u00f1as. De todas maneras, la autoridad tiene que investigar\u201d.<\/p>\n<p>\u00c1lvarez M\u00e1ynez, el candidato del peque\u00f1o partido opositor Movimiento Ciudadano \u2014ubicado en tercer lugar en las preferencias\u2014 result\u00f3 ileso. \u201cLo \u00fanico importante en estos momentos es atender a las v\u00edctimas del accidente\u201d, fueron sus primeras palabras en las redes sociales tras confirmar que estaba bien.<\/p>\n<p>Videos publicados en redes mostraron c\u00f3mo se desplomaban las carpas y una pantalla gigante, as\u00ed como las luces del escenario cuando los candidatos se estaban despidiendo y c\u00f3mo ca\u00eda toda la estructura. Otras grabaciones dejan ver a la gente mientras intentaba sacar a los que quedaron debajo de las barras y la confusi\u00f3n el p\u00e1nico. El templete ten\u00eda unos 20 metros de altura.<\/p>\n<p>Despu\u00e9s del mitin estaba previsto un concierto de una popular banda de m\u00fasica norte\u00f1a, el grupo Bronco, que tambi\u00e9n emiti\u00f3 un video para anunciar que se encontraban bien y solidarizarse con las v\u00edctimas.<\/p>","protected":false},"excerpt":{"rendered":"<div class=\"mh-excerpt\"><p>SAN PEDRO GARZA GARC\u00cdA, M\u00e9xico (AP) \u2014 Las autoridades mexicanas iniciaron el jueves las investigaciones por la muerte de nueve personas y 189 lesionados en <a class=\"mh-excerpt-more\" href=\"https:\/\/interaccioninformativa.mx\/index.php\/2024\/05\/24\/autoridades-investigan-la-caida-de-escenario-con-nueve-muertos-en-mitin-politico-al-norte-de-mexico\/\" title=\"Autoridades investigan la ca\u00edda de escenario con nueve muertos en mitin pol\u00edtico al norte de M\u00e9xico\">[&#8230;]<\/a><\/p>\n<\/div>","protected":false},"author":1,"featured_media":527,"comment_status":"open","ping_status":"closed","sticky":false,"template":"","format":"standard","meta":{"footnotes":""},"categories":[1],"tags":[],"class_list":["post-525","post","type-post","status-publish","format-standard","has-post-thumbnail","hentry","category-noticias"],"_links":{"self":[{"href":"https:\/\/interaccioninformativa.mx\/index.php\/wp-json\/wp\/v2\/posts\/525","targetHints":{"allow":["GET"]}}],"collection":[{"href":"https:\/\/interaccioninformativa.mx\/index.php\/wp-json\/wp\/v2\/posts"}],"about":[{"href":"https:\/\/interaccioninformativa.mx\/index.php\/wp-json\/wp\/v2\/types\/post"}],"author":[{"embeddable":true,"href":"https:\/\/interaccioninformativa.mx\/index.php\/wp-json\/wp\/v2\/users\/1"}],"replies":[{"embeddable":true,"href":"https:\/\/interaccioninformativa.mx\/index.php\/wp-json\/wp\/v2\/comments?post=525"}],"version-history":[{"count":1,"href":"https:\/\/interaccioninformativa.mx\/index.php\/wp-json\/wp\/v2\/posts\/525\/revisions"}],"predecessor-version":[{"id":529,"href":"https:\/\/interaccioninformativa.mx\/index.php\/wp-json\/wp\/v2\/posts\/525\/revisions\/529"}],"wp:featuredmedia":[{"embeddable":true,"href":"https:\/\/interaccioninformativa.mx\/index.php\/wp-json\/wp\/v2\/media\/527"}],"wp:attachment":[{"href":"https:\/\/interaccioninformativa.mx\/index.php\/wp-json\/wp\/v2\/media?parent=525"}],"wp:term":[{"taxonomy":"category","embeddable":true,"href":"https:\/\/interaccioninformativa.mx\/index.php\/wp-json\/wp\/v2\/categories?post=525"},{"taxonomy":"post_tag","embeddable":true,"href":"https:\/\/interaccioninformativa.mx\/index.php\/wp-json\/wp\/v2\/tags?post=525"}],"curies":[{"name":"wp","href":"https:\/\/api.w.org\/{rel}","templated":true}]}}