{"id":535,"date":"2025-05-20T19:47:00","date_gmt":"2025-05-20T19:47:00","guid":{"rendered":"https:\/\/interaccioninformativa.mx\/?p=535"},"modified":"2025-07-14T19:48:18","modified_gmt":"2025-07-14T19:48:18","slug":"asesinan-a-tiros-a-la-secretaria-personal-y-a-un-asesor-de-la-alcaldesa-de-ciudad-de-mexico","status":"publish","type":"post","link":"https:\/\/interaccioninformativa.mx\/index.php\/2025\/05\/20\/asesinan-a-tiros-a-la-secretaria-personal-y-a-un-asesor-de-la-alcaldesa-de-ciudad-de-mexico\/","title":{"rendered":"Asesinan a tiros a la secretaria personal y a un asesor de la alcaldesa de Ciudad de M\u00e9xico"},"content":{"rendered":"\n<div class=\"wp-block-media-text is-stacked-on-mobile\"><figure class=\"wp-block-media-text__media\"><img loading=\"lazy\" decoding=\"async\" width=\"800\" height=\"450\" src=\"https:\/\/interaccioninformativa.mx\/wp-content\/uploads\/2025\/07\/6ff0bc60-35a1-11f0-8947-7d6241f9fce9.png.webp\" alt=\"\" class=\"wp-image-536 size-full\" srcset=\"https:\/\/interaccioninformativa.mx\/wp-content\/uploads\/2025\/07\/6ff0bc60-35a1-11f0-8947-7d6241f9fce9.png.webp 800w, https:\/\/interaccioninformativa.mx\/wp-content\/uploads\/2025\/07\/6ff0bc60-35a1-11f0-8947-7d6241f9fce9.png-300x169.webp 300w, https:\/\/interaccioninformativa.mx\/wp-content\/uploads\/2025\/07\/6ff0bc60-35a1-11f0-8947-7d6241f9fce9.png-768x432.webp 768w\" sizes=\"auto, (max-width: 800px) 100vw, 800px\" \/><\/figure><div class=\"wp-block-media-text__content\">\n<p>Dos altos funcionarios del equipo de la alcaldesa de Ciudad de M\u00e9xico, Clara Brugada, murieron en un ataque a tiros ocurrido en la ma\u00f1ana de este martes en una avenida central de la capital mexicana.<\/p>\n<\/div><\/div>\n\n\n<p>Brugada inform\u00f3 que se trat\u00f3 de una \u00abagresi\u00f3n directa\u00bb contra su secretaria particular, Ximena Guzm\u00e1n Cuevas, y el asesor de gobierno Jos\u00e9 Mu\u00f1oz Vega.<\/p>\n<p>Seg\u00fan los primeros reportes, un hombre se acerc\u00f3 al veh\u00edculo conducido por Guzm\u00e1n y accion\u00f3 un arma en m\u00faltiples ocasiones.<\/p>\n<p>\u00abPersonal de la Secretar\u00eda de Seguridad Ciudadana y la Fiscal\u00eda General de Justicia, ambas de la Ciudad de M\u00e9xico, con apoyo del gobierno de M\u00e9xico, ya realizan las investigaciones correspondientes para determinar el m\u00f3vil de la agresi\u00f3n\u00bb, inform\u00f3 la alcaldesa.<\/p>","protected":false},"excerpt":{"rendered":"<div class=\"mh-excerpt\"><p>Dos altos funcionarios del equipo de la alcaldesa de Ciudad de M\u00e9xico, Clara Brugada, murieron en un ataque a tiros ocurrido en la ma\u00f1ana de <a class=\"mh-excerpt-more\" href=\"https:\/\/interaccioninformativa.mx\/index.php\/2025\/05\/20\/asesinan-a-tiros-a-la-secretaria-personal-y-a-un-asesor-de-la-alcaldesa-de-ciudad-de-mexico\/\" title=\"Asesinan a tiros a la secretaria personal y a un asesor de la alcaldesa de Ciudad de M\u00e9xico\">[&#8230;]<\/a><\/p>\n<\/div>","protected":false},"author":1,"featured_media":536,"comment_status":"open","ping_status":"closed","sticky":false,"template":"","format":"standard","meta":{"footnotes":""},"categories":[1],"tags":[],"class_list":["post-535","post","type-post","status-publish","format-standard","has-post-thumbnail","hentry","category-noticias"],"_links":{"self":[{"href":"https:\/\/interaccioninformativa.mx\/index.php\/wp-json\/wp\/v2\/posts\/535","targetHints":{"allow":["GET"]}}],"collection":[{"href":"https:\/\/interaccioninformativa.mx\/index.php\/wp-json\/wp\/v2\/posts"}],"about":[{"href":"https:\/\/interaccioninformativa.mx\/index.php\/wp-json\/wp\/v2\/types\/post"}],"author":[{"embeddable":true,"href":"https:\/\/interaccioninformativa.mx\/index.php\/wp-json\/wp\/v2\/users\/1"}],"replies":[{"embeddable":true,"href":"https:\/\/interaccioninformativa.mx\/index.php\/wp-json\/wp\/v2\/comments?post=535"}],"version-history":[{"count":1,"href":"https:\/\/interaccioninformativa.mx\/index.php\/wp-json\/wp\/v2\/posts\/535\/revisions"}],"predecessor-version":[{"id":537,"href":"https:\/\/interaccioninformativa.mx\/index.php\/wp-json\/wp\/v2\/posts\/535\/revisions\/537"}],"wp:featuredmedia":[{"embeddable":true,"href":"https:\/\/interaccioninformativa.mx\/index.php\/wp-json\/wp\/v2\/media\/536"}],"wp:attachment":[{"href":"https:\/\/interaccioninformativa.mx\/index.php\/wp-json\/wp\/v2\/media?parent=535"}],"wp:term":[{"taxonomy":"category","embeddable":true,"href":"https:\/\/interaccioninformativa.mx\/index.php\/wp-json\/wp\/v2\/categories?post=535"},{"taxonomy":"post_tag","embeddable":true,"href":"https:\/\/interaccioninformativa.mx\/index.php\/wp-json\/wp\/v2\/tags?post=535"}],"curies":[{"name":"wp","href":"https:\/\/api.w.org\/{rel}","templated":true}]}}