{"id":538,"date":"2024-04-06T19:51:00","date_gmt":"2024-04-06T19:51:00","guid":{"rendered":"https:\/\/interaccioninformativa.mx\/?p=538"},"modified":"2025-07-14T19:51:42","modified_gmt":"2025-07-14T19:51:42","slug":"mexico-rompe-relaciones-diplomaticas-con-ecuador-tras-la-detencion-de-jorge-glas-en-su-embajada","status":"publish","type":"post","link":"https:\/\/interaccioninformativa.mx\/index.php\/2024\/04\/06\/mexico-rompe-relaciones-diplomaticas-con-ecuador-tras-la-detencion-de-jorge-glas-en-su-embajada\/","title":{"rendered":"M\u00e9xico rompe relaciones diplom\u00e1ticas con Ecuador tras la detenci\u00f3n de Jorge Glas en su embajada."},"content":{"rendered":"\n<div class=\"wp-block-media-text is-stacked-on-mobile\"><figure class=\"wp-block-media-text__media\"><img loading=\"lazy\" decoding=\"async\" width=\"800\" height=\"450\" src=\"https:\/\/interaccioninformativa.mx\/wp-content\/uploads\/2025\/07\/Mexico-rompe-relaciones-diplomaticas-con-Ecuador-tras-la-detencion-de-Jorge-Glas-en-su-embajada.jpg\" alt=\"\" class=\"wp-image-541 size-full\" srcset=\"https:\/\/interaccioninformativa.mx\/wp-content\/uploads\/2025\/07\/Mexico-rompe-relaciones-diplomaticas-con-Ecuador-tras-la-detencion-de-Jorge-Glas-en-su-embajada.jpg 800w, https:\/\/interaccioninformativa.mx\/wp-content\/uploads\/2025\/07\/Mexico-rompe-relaciones-diplomaticas-con-Ecuador-tras-la-detencion-de-Jorge-Glas-en-su-embajada-300x169.jpg 300w, https:\/\/interaccioninformativa.mx\/wp-content\/uploads\/2025\/07\/Mexico-rompe-relaciones-diplomaticas-con-Ecuador-tras-la-detencion-de-Jorge-Glas-en-su-embajada-768x432.jpg 768w\" sizes=\"auto, (max-width: 800px) 100vw, 800px\" \/><\/figure><div class=\"wp-block-media-text__content\">\n<p>El exvicepresidente ecuatoriano, refugiado en la embajada de M\u00e9xico en Quito, fue detenido la noche del viernes. El presidente de M\u00e9xico calific\u00f3 el hecho como una violaci\u00f3n del derecho internacional.<\/p>\n<\/div><\/div>\n\n\n<p><br \/>La polic\u00eda ecuatoriana detuvo el viernes por la noche a un pol\u00edtico que se hab\u00eda refugiado en la embajada de M\u00e9xico en Quito, tras lo que M\u00e9xico calific\u00f3 como una entrada forzada que violaba la soberan\u00eda del pa\u00eds. El incidente llev\u00f3 a M\u00e9xico a suspender sus relaciones diplom\u00e1ticas con Ecuador y exacerb\u00f3 las ya de por s\u00ed elevadas tensiones entre ambos pa\u00edses.<\/p>\n<p>El pol\u00edtico, Jorge Glas, exvicepresidente de Ecuador, hab\u00eda sido condenado a prisi\u00f3n por corrupci\u00f3n, inform\u00f3 la presidencia de Ecuador en un comunicado, en el que se a\u00f1ad\u00eda que exist\u00eda una orden de detenci\u00f3n contra \u00e9l. Glas, quien hab\u00eda estado viviendo en la embajada en la capital de Ecuador desde diciembre, recibi\u00f3 asilo pol\u00edtico de M\u00e9xico el viernes m\u00e1s temprano.<\/p>\n<p>La oficina del presidente de Ecuador, Daniel Noboa, a\u00f1adi\u00f3 que la detenci\u00f3n se hab\u00eda llevado a cabo porque M\u00e9xico hab\u00eda abusado de las inmunidades y privilegios concedidos a la misi\u00f3n diplom\u00e1tica, y que el asilo de Glas era \u201ccontrario al marco jur\u00eddico convencional\u201d.<\/p>\n<p>Aunque fue dif\u00edcil confirmar de inmediato c\u00f3mo se produjo exactamente la detenci\u00f3n, las im\u00e1genes compartidas por los medios de comunicaci\u00f3n ecuatorianos mostraban lo que parec\u00edan ser las secuelas: agentes de polic\u00eda reteniendo a los curiosos mientras dos coches negros, con las sirenas a todo volumen, sal\u00edan de la embajada. Los periodistas locales identificaron a un hombre como Roberto Canseco, el funcionario mexicano encargado de la embajada, al que se puede o\u00edr gritando \u201c\u00a1No!\u201d antes de que se vea a los agentes empujarlo al suelo.<\/p>\n<p>Canseco dijo a los periodistas que estaba a punto de salir de la embajada cuando, de repente, se enfrent\u00f3 \u201ccon polic\u00edas, con ladrones, que entraron en la noche en la embajada\u201d. Dijo que intent\u00f3 f\u00edsicamente impedirles la entrada. \u201cMe han golpeado, me he golpeado contra el suelo\u201d, dijo. \u201cComo delincuentes allanaron la embajada de M\u00e9xico en Ecuador\u201d.<\/p>\n<p>La detenci\u00f3n se produce tras meses de disputa entre las dos naciones, en parte por Glas, a quien las autoridades ecuatorianas consideraban un fugitivo. Las tensiones entre ambas partes se intensificaron la semana pasada despu\u00e9s de que el presidente de M\u00e9xico cuestionara la legitimidad de las \u00faltimas elecciones presidenciales en Ecuador. El gobierno ecuatoriano orden\u00f3 entonces la salida de la embajadora mexicana, a quien declar\u00f3 \u201cpersona non grata\u201d. M\u00e9xico conden\u00f3 esa declaraci\u00f3n el viernes y tambi\u00e9n concedi\u00f3 asilo al Glas.<\/p>\n<p>La secretaria de Relaciones Exteriores de M\u00e9xico, Alicia B\u00e1rcena Ibarra, anunci\u00f3 la ruptura de relaciones diplom\u00e1ticas con Ecuador en un comunicado, afirmando que el personal diplom\u00e1tico mexicano hab\u00eda sufrido lesiones en el episodio de la embajada. Orden\u00f3 a los diplom\u00e1ticos mexicanos que abandonaran Ecuador y dijo que M\u00e9xico presentar\u00eda un recurso ante la Corte Internacional de Justicia.<\/p>\n<p>Poco despu\u00e9s de la detenci\u00f3n, el presidente de M\u00e9xico, Andr\u00e9s Manuel L\u00f3pez Obrador, emiti\u00f3 un comunicado en el que calificaba el episodio de \u201cviolaci\u00f3n flagrante al derecho internacional y a la soberan\u00eda de M\u00e9xico\u201d y afirmaba que la polic\u00eda ecuatoriana hab\u00eda hecho uso de la fuerza para entrar en la embajada.<\/p>\n<p>Los ataques a embajadas tienen un peso especial porque suelen considerarse un santuario para los ciudadanos de sus naciones. Normalmente, la polic\u00eda del pa\u00eds anfitri\u00f3n no puede entrar en ellas sin el permiso del personal diplom\u00e1tico. El Ministerio de Relaciones Exteriores ecuatoriano declar\u00f3 en marzo que hab\u00eda solicitado permiso a M\u00e9xico para entrar en la embajada y detener a Glas.<\/p>\n<p>Glas, quien fue vicepresidente del presidente Rafael Correa entre 2013 y 2017, hab\u00eda sido favorito para ser su sucesor. Pero en 2017, fue declarado culpable y condenado a seis a\u00f1os de prisi\u00f3n por recibir sobornos de Odebrecht, un gigante internacional de la construcci\u00f3n. La empresa ha admitido haber pagado m\u00e1s de 800 millones de d\u00f3lares en sobornos en m\u00e1s de una decena de pa\u00edses, implicando a gobiernos de toda Am\u00e9rica Latina que se han enfrentado a acusaciones de corrupci\u00f3n.<\/p>\n<p>En 2020, Glas recibi\u00f3 una condena adicional de ocho a\u00f1os, junto con Correa, en otro caso de soborno. En noviembre de 2022, fue puesto en libertad anticipada.<\/p>\n<p>Un tercer cargo, de malversaci\u00f3n de fondos, fue lo que llev\u00f3 a las autoridades de Ecuador a obtener la orden de detenci\u00f3n que provoc\u00f3 la confrontaci\u00f3n del viernes en la embajada de M\u00e9xico.<\/p>\n<p>El distanciamiento entre Ecuador y M\u00e9xico se ampli\u00f3 hace unos d\u00edas, cuando L\u00f3pez Obrador hizo comentarios p\u00fablicos sobre el asesinato en 2023 de Fernando Villavicencio, candidato presidencial ecuatoriano, y critic\u00f3 al actual presidente de Ecuador, Noboa.<\/p>\n<p>El Ministerio de Relaciones Exteriores de Ecuador calific\u00f3 el jueves de \u201cdesafortunadas\u201d las declaraciones de L\u00f3pez Obrador y anunci\u00f3 medidas contra la embajadora mexicana, Raquel Serur Smeke.<\/p>\n<p>En respuesta, M\u00e9xico orden\u00f3 a su embajadora que regresara a casa y nombr\u00f3 a Canseco, jefe de la secci\u00f3n consular mexicana en Quito, para dirigir la embajada. Tambi\u00e9n conden\u00f3 el aumento de la presencia de fuerzas policiales ecuatorianas fuera de la embajada.<\/p>\n<p>Noboa, un outsider pol\u00edtico de centroderecha, asumi\u00f3 el cargo en noviembre tras ganar unas elecciones en las que la corrupci\u00f3n y la violencia relacionada con el narcotr\u00e1fico hab\u00edan sido los principales problemas. Noboa prometi\u00f3 acabar con las bandas de narcotraficantes y devolver a la naci\u00f3n su pr\u00f3spero pasado.<\/p>\n<p>En los \u00faltimos a\u00f1os, Ecuador se ha visto sacudido por una creciente violencia impulsada por poderosas bandas de narcotraficantes. Los atentados con coche bomba y los asesinatos de polic\u00edas se han convertido en habituales, y el asesinato de Villavicencio, un candidato presidencial que hab\u00eda denunciado los problemas de la corrupci\u00f3n y el crimen organizado, provoc\u00f3 una mayor agitaci\u00f3n en el pa\u00eds.<\/p>\n<p>Noboa declar\u00f3 este a\u00f1o el estado de conflicto interno, lo que le otorga un poder especial para luchar contra el crimen organizado, y ha desplegado tropas contra las bandas. Pero algunos activistas de derechos humanos tambi\u00e9n han alertado sobre las repercusiones de esa decisi\u00f3n en las libertades civiles.<\/p>","protected":false},"excerpt":{"rendered":"<div class=\"mh-excerpt\"><p>El exvicepresidente ecuatoriano, refugiado en la embajada de M\u00e9xico en Quito, fue detenido la noche del viernes. El presidente de M\u00e9xico calific\u00f3 el hecho como <a class=\"mh-excerpt-more\" href=\"https:\/\/interaccioninformativa.mx\/index.php\/2024\/04\/06\/mexico-rompe-relaciones-diplomaticas-con-ecuador-tras-la-detencion-de-jorge-glas-en-su-embajada\/\" title=\"M\u00e9xico rompe relaciones diplom\u00e1ticas con Ecuador tras la detenci\u00f3n de Jorge Glas en su embajada.\">[&#8230;]<\/a><\/p>\n<\/div>","protected":false},"author":1,"featured_media":541,"comment_status":"open","ping_status":"closed","sticky":false,"template":"","format":"standard","meta":{"footnotes":""},"categories":[1],"tags":[],"class_list":["post-538","post","type-post","status-publish","format-standard","has-post-thumbnail","hentry","category-noticias"],"_links":{"self":[{"href":"https:\/\/interaccioninformativa.mx\/index.php\/wp-json\/wp\/v2\/posts\/538","targetHints":{"allow":["GET"]}}],"collection":[{"href":"https:\/\/interaccioninformativa.mx\/index.php\/wp-json\/wp\/v2\/posts"}],"about":[{"href":"https:\/\/interaccioninformativa.mx\/index.php\/wp-json\/wp\/v2\/types\/post"}],"author":[{"embeddable":true,"href":"https:\/\/interaccioninformativa.mx\/index.php\/wp-json\/wp\/v2\/users\/1"}],"replies":[{"embeddable":true,"href":"https:\/\/interaccioninformativa.mx\/index.php\/wp-json\/wp\/v2\/comments?post=538"}],"version-history":[{"count":1,"href":"https:\/\/interaccioninformativa.mx\/index.php\/wp-json\/wp\/v2\/posts\/538\/revisions"}],"predecessor-version":[{"id":543,"href":"https:\/\/interaccioninformativa.mx\/index.php\/wp-json\/wp\/v2\/posts\/538\/revisions\/543"}],"wp:featuredmedia":[{"embeddable":true,"href":"https:\/\/interaccioninformativa.mx\/index.php\/wp-json\/wp\/v2\/media\/541"}],"wp:attachment":[{"href":"https:\/\/interaccioninformativa.mx\/index.php\/wp-json\/wp\/v2\/media?parent=538"}],"wp:term":[{"taxonomy":"category","embeddable":true,"href":"https:\/\/interaccioninformativa.mx\/index.php\/wp-json\/wp\/v2\/categories?post=538"},{"taxonomy":"post_tag","embeddable":true,"href":"https:\/\/interaccioninformativa.mx\/index.php\/wp-json\/wp\/v2\/tags?post=538"}],"curies":[{"name":"wp","href":"https:\/\/api.w.org\/{rel}","templated":true}]}}