{"id":548,"date":"2025-01-15T19:56:00","date_gmt":"2025-01-15T19:56:00","guid":{"rendered":"https:\/\/interaccioninformativa.mx\/?p=548"},"modified":"2025-07-14T19:57:10","modified_gmt":"2025-07-14T19:57:10","slug":"plan-mexico-como-es-el-ambicioso-proyecto-de-claudia-sheinbaum-para-colocar-a-su-pais-entre-las-10-principales-economias-del-mundo","status":"publish","type":"post","link":"https:\/\/interaccioninformativa.mx\/index.php\/2025\/01\/15\/plan-mexico-como-es-el-ambicioso-proyecto-de-claudia-sheinbaum-para-colocar-a-su-pais-entre-las-10-principales-economias-del-mundo\/","title":{"rendered":"Plan M\u00e9xico: c\u00f3mo es el ambicioso proyecto de Claudia Sheinbaum para colocar a su pa\u00eds entre las 10 principales econom\u00edas del mundo"},"content":{"rendered":"\n<div class=\"wp-block-media-text is-stacked-on-mobile\"><figure class=\"wp-block-media-text__media\"><img loading=\"lazy\" decoding=\"async\" width=\"800\" height=\"449\" src=\"https:\/\/interaccioninformativa.mx\/wp-content\/uploads\/2025\/07\/379c5520-d388-11ef-99ed-7fd62e0ee2f1.jpg.webp\" alt=\"\" class=\"wp-image-549 size-full\" srcset=\"https:\/\/interaccioninformativa.mx\/wp-content\/uploads\/2025\/07\/379c5520-d388-11ef-99ed-7fd62e0ee2f1.jpg.webp 800w, https:\/\/interaccioninformativa.mx\/wp-content\/uploads\/2025\/07\/379c5520-d388-11ef-99ed-7fd62e0ee2f1.jpg-300x168.webp 300w, https:\/\/interaccioninformativa.mx\/wp-content\/uploads\/2025\/07\/379c5520-d388-11ef-99ed-7fd62e0ee2f1.jpg-768x431.webp 768w\" sizes=\"auto, (max-width: 800px) 100vw, 800px\" \/><\/figure><div class=\"wp-block-media-text__content\">\n<p>La presidenta Claudia Sheinbaum present\u00f3 uno de los planes de desarrollo econ\u00f3mico m\u00e1s ambiciosos de M\u00e9xico en a\u00f1os, justamente en un momento de gran incertidumbre para su pa\u00eds por la llegada del nuevo presidente de Estados Unidos, Donald Trump.<\/p>\n<\/div><\/div>\n\n\n<p>A una semana del cambio de poder en Washington, desde Ciudad de M\u00e9xico los altos funcionarios y los principales directivos empresariales del pa\u00eds se reunieron el lunes para escuchar los objetivos y estrategias que Sheinbaum present\u00f3 en una ceremonia especial.<\/p>\n<p>Entre sus m\u00e1s grandes metas est\u00e1 que la econom\u00eda de M\u00e9xico sea la d\u00e9cima del mundo, producir en el pa\u00eds 50% del consumo de productos interno, crear 100 parques industriales para emplear a miles de obreros y que el pa\u00eds se posicione en el top 5 de los destinos tur\u00edsticos del mundo.<\/p>\n<p>\u00abQue cada uno de los mexicanos y mexicanas sepa que hay plan, que hay desarrollo. Que frente a cualquier incertidumbre que venga en el futuro pr\u00f3ximo, M\u00e9xico tiene un plan y est\u00e1 unido hacia adelante\u00bb, dijo Sheinbaum con optimismo, pero sin mencionar directamente a Trump.<\/p>","protected":false},"excerpt":{"rendered":"<div class=\"mh-excerpt\"><p>La presidenta Claudia Sheinbaum present\u00f3 uno de los planes de desarrollo econ\u00f3mico m\u00e1s ambiciosos de M\u00e9xico en a\u00f1os, justamente en un momento de gran incertidumbre <a class=\"mh-excerpt-more\" href=\"https:\/\/interaccioninformativa.mx\/index.php\/2025\/01\/15\/plan-mexico-como-es-el-ambicioso-proyecto-de-claudia-sheinbaum-para-colocar-a-su-pais-entre-las-10-principales-economias-del-mundo\/\" title=\"Plan M\u00e9xico: c\u00f3mo es el ambicioso proyecto de Claudia Sheinbaum para colocar a su pa\u00eds entre las 10 principales econom\u00edas del mundo\">[&#8230;]<\/a><\/p>\n<\/div>","protected":false},"author":1,"featured_media":549,"comment_status":"open","ping_status":"closed","sticky":false,"template":"","format":"standard","meta":{"footnotes":""},"categories":[1],"tags":[],"class_list":["post-548","post","type-post","status-publish","format-standard","has-post-thumbnail","hentry","category-noticias"],"_links":{"self":[{"href":"https:\/\/interaccioninformativa.mx\/index.php\/wp-json\/wp\/v2\/posts\/548","targetHints":{"allow":["GET"]}}],"collection":[{"href":"https:\/\/interaccioninformativa.mx\/index.php\/wp-json\/wp\/v2\/posts"}],"about":[{"href":"https:\/\/interaccioninformativa.mx\/index.php\/wp-json\/wp\/v2\/types\/post"}],"author":[{"embeddable":true,"href":"https:\/\/interaccioninformativa.mx\/index.php\/wp-json\/wp\/v2\/users\/1"}],"replies":[{"embeddable":true,"href":"https:\/\/interaccioninformativa.mx\/index.php\/wp-json\/wp\/v2\/comments?post=548"}],"version-history":[{"count":1,"href":"https:\/\/interaccioninformativa.mx\/index.php\/wp-json\/wp\/v2\/posts\/548\/revisions"}],"predecessor-version":[{"id":550,"href":"https:\/\/interaccioninformativa.mx\/index.php\/wp-json\/wp\/v2\/posts\/548\/revisions\/550"}],"wp:featuredmedia":[{"embeddable":true,"href":"https:\/\/interaccioninformativa.mx\/index.php\/wp-json\/wp\/v2\/media\/549"}],"wp:attachment":[{"href":"https:\/\/interaccioninformativa.mx\/index.php\/wp-json\/wp\/v2\/media?parent=548"}],"wp:term":[{"taxonomy":"category","embeddable":true,"href":"https:\/\/interaccioninformativa.mx\/index.php\/wp-json\/wp\/v2\/categories?post=548"},{"taxonomy":"post_tag","embeddable":true,"href":"https:\/\/interaccioninformativa.mx\/index.php\/wp-json\/wp\/v2\/tags?post=548"}],"curies":[{"name":"wp","href":"https:\/\/api.w.org\/{rel}","templated":true}]}}