{"id":588,"date":"2025-06-19T20:52:00","date_gmt":"2025-06-19T20:52:00","guid":{"rendered":"https:\/\/interaccioninformativa.mx\/?p=588"},"modified":"2025-07-14T20:53:25","modified_gmt":"2025-07-14T20:53:25","slug":"resumen-de-noticias-del-ciclon-erick-19-de-junio","status":"publish","type":"post","link":"https:\/\/interaccioninformativa.mx\/index.php\/2025\/06\/19\/resumen-de-noticias-del-ciclon-erick-19-de-junio\/","title":{"rendered":"Resumen de noticias del cicl\u00f3n Erick, 19 de junio"},"content":{"rendered":"\n<div class=\"wp-block-media-text is-stacked-on-mobile\"><figure class=\"wp-block-media-text__media\"><img loading=\"lazy\" decoding=\"async\" width=\"1024\" height=\"525\" src=\"https:\/\/interaccioninformativa.mx\/wp-content\/uploads\/2025\/07\/screenshot-2025-06-19-190353-1024x525.png\" alt=\"\" class=\"wp-image-589 size-full\" srcset=\"https:\/\/interaccioninformativa.mx\/wp-content\/uploads\/2025\/07\/screenshot-2025-06-19-190353-1024x525.png 1024w, https:\/\/interaccioninformativa.mx\/wp-content\/uploads\/2025\/07\/screenshot-2025-06-19-190353-300x154.png 300w, https:\/\/interaccioninformativa.mx\/wp-content\/uploads\/2025\/07\/screenshot-2025-06-19-190353-768x394.png 768w, https:\/\/interaccioninformativa.mx\/wp-content\/uploads\/2025\/07\/screenshot-2025-06-19-190353.png 1280w\" sizes=\"auto, (max-width: 1024px) 100vw, 1024px\" \/><\/figure><div class=\"wp-block-media-text__content\">\n<p>Erick es ahora una depresi\u00f3n tropical y se mantiene en tierra sobre Guerrero, inform\u00f3 el Centro Nacional de Huracanes de EE.UU. en su reporte de la tarde del jueves.<\/p>\n<\/div><\/div>\n\n\n<p class=\"paragraph inline-placeholder vossi-paragraph\" data-uri=\"es.cms.cnn.com\/_components\/paragraph\/instances\/cmc3ylww30002356mzpu2pvhs@published\" data-editable=\"text\" data-component-name=\"paragraph\" data-article-gutter=\"true\">El cicl\u00f3n Erick, el primero de la temporada 2025 en el Pac\u00edfico mexicano, toc\u00f3 tierra este jueves como hurac\u00e1n categor\u00eda 3 y se degrad\u00f3 a tormenta tropical tras su paso por el estado de Guerrero, en el sur de M\u00e9xico, dejando afectaciones materiales pero sin registrar p\u00e9rdidas humanas.<\/p>\n<p class=\"paragraph inline-placeholder vossi-paragraph\" data-uri=\"es.cms.cnn.com\/_components\/paragraph\/instances\/cmc41qvxs000g356muydcbfdu@published\" data-editable=\"text\" data-component-name=\"paragraph\" data-article-gutter=\"true\">El fen\u00f3meno meteorol\u00f3gico provoc\u00f3 intensas lluvias, vientos fuertes y cortes el\u00e9ctricos en varias zonas de Acapulco, uno de los principales destinos tur\u00edsticos del pa\u00eds, donde la poblaci\u00f3n se prepar\u00f3 con anticipaci\u00f3n para minimizar da\u00f1os.<\/p>\n<p class=\"paragraph inline-placeholder vossi-paragraph\" data-uri=\"es.cms.cnn.com\/_components\/paragraph\/instances\/cmc41qvxs000h356mavr17xyx@published\" data-editable=\"text\" data-component-name=\"paragraph\" data-article-gutter=\"true\">El recuerdo de los potentes huracanes Otis (2023) y John (2024), que dejaron entre los dos casi un centenar de fallecidos en la zona, moviliz\u00f3 a habitantes y empresarios a tomar medidas preventivas desde d\u00edas antes de la llegada de Erick.<\/p>\n<p class=\"paragraph inline-placeholder vossi-paragraph\" data-uri=\"es.cms.cnn.com\/_components\/paragraph\/instances\/cmc41qvxs000i356mctcm774g@published\" data-editable=\"text\" data-component-name=\"paragraph\" data-article-gutter=\"true\">\u201cAnte tanta cercan\u00eda o frecuencia que hay de estos fen\u00f3menos meteorol\u00f3gicos que lamentablemente nos vienen pegando, estamos tratando de sobrevivir con los recursos que tenemos y tratar de mantener una recuperaci\u00f3n (econ\u00f3mica)\u201d, se\u00f1al\u00f3 a EFE el hotelero del balneario de Acapulco Jorge Laurel.<\/p>\n<p class=\"paragraph inline-placeholder vossi-paragraph\" data-uri=\"es.cms.cnn.com\/_components\/paragraph\/instances\/cmc41qvxs000j356mrd8whhe8@published\" data-editable=\"text\" data-component-name=\"paragraph\" data-article-gutter=\"true\">Los comerciantes reforzaron ventanas, aseguraron mercanc\u00edas y resguardaron equipo de trabajo, temiendo repetir las p\u00e9rdidas sufridas en 2023 y 2024.<\/p>\n<p class=\"paragraph inline-placeholder vossi-paragraph\" data-uri=\"es.cms.cnn.com\/_components\/paragraph\/instances\/cmc41qvxs000k356mcwdlzkk5@published\" data-editable=\"text\" data-component-name=\"paragraph\" data-article-gutter=\"true\">Aunque Erick no golpe\u00f3 con la intensidad pronosticada, el temor no fue menor, especialmente entre quienes a\u00fan no se recuperan de los impactos anteriores.<\/p>","protected":false},"excerpt":{"rendered":"<div class=\"mh-excerpt\"><p>Erick es ahora una depresi\u00f3n tropical y se mantiene en tierra sobre Guerrero, inform\u00f3 el Centro Nacional de Huracanes de EE.UU. en su reporte de <a class=\"mh-excerpt-more\" href=\"https:\/\/interaccioninformativa.mx\/index.php\/2025\/06\/19\/resumen-de-noticias-del-ciclon-erick-19-de-junio\/\" title=\"Resumen de noticias del cicl\u00f3n Erick, 19 de junio\">[&#8230;]<\/a><\/p>\n<\/div>","protected":false},"author":1,"featured_media":589,"comment_status":"open","ping_status":"closed","sticky":false,"template":"","format":"standard","meta":{"footnotes":""},"categories":[1],"tags":[],"class_list":["post-588","post","type-post","status-publish","format-standard","has-post-thumbnail","hentry","category-noticias"],"_links":{"self":[{"href":"https:\/\/interaccioninformativa.mx\/index.php\/wp-json\/wp\/v2\/posts\/588","targetHints":{"allow":["GET"]}}],"collection":[{"href":"https:\/\/interaccioninformativa.mx\/index.php\/wp-json\/wp\/v2\/posts"}],"about":[{"href":"https:\/\/interaccioninformativa.mx\/index.php\/wp-json\/wp\/v2\/types\/post"}],"author":[{"embeddable":true,"href":"https:\/\/interaccioninformativa.mx\/index.php\/wp-json\/wp\/v2\/users\/1"}],"replies":[{"embeddable":true,"href":"https:\/\/interaccioninformativa.mx\/index.php\/wp-json\/wp\/v2\/comments?post=588"}],"version-history":[{"count":1,"href":"https:\/\/interaccioninformativa.mx\/index.php\/wp-json\/wp\/v2\/posts\/588\/revisions"}],"predecessor-version":[{"id":590,"href":"https:\/\/interaccioninformativa.mx\/index.php\/wp-json\/wp\/v2\/posts\/588\/revisions\/590"}],"wp:featuredmedia":[{"embeddable":true,"href":"https:\/\/interaccioninformativa.mx\/index.php\/wp-json\/wp\/v2\/media\/589"}],"wp:attachment":[{"href":"https:\/\/interaccioninformativa.mx\/index.php\/wp-json\/wp\/v2\/media?parent=588"}],"wp:term":[{"taxonomy":"category","embeddable":true,"href":"https:\/\/interaccioninformativa.mx\/index.php\/wp-json\/wp\/v2\/categories?post=588"},{"taxonomy":"post_tag","embeddable":true,"href":"https:\/\/interaccioninformativa.mx\/index.php\/wp-json\/wp\/v2\/tags?post=588"}],"curies":[{"name":"wp","href":"https:\/\/api.w.org\/{rel}","templated":true}]}}