{"id":597,"date":"2024-05-03T21:16:00","date_gmt":"2024-05-03T21:16:00","guid":{"rendered":"https:\/\/interaccioninformativa.mx\/?p=597"},"modified":"2025-07-14T21:16:26","modified_gmt":"2025-07-14T21:16:26","slug":"mexico-se-sumo-a-la-sva-2024-con-vacunacion-binacional-fronteriza","status":"publish","type":"post","link":"https:\/\/interaccioninformativa.mx\/index.php\/2024\/05\/03\/mexico-se-sumo-a-la-sva-2024-con-vacunacion-binacional-fronteriza\/","title":{"rendered":"M\u00e9xico se sum\u00f3 a la SVA 2024 con vacunaci\u00f3n binacional fronteriza."},"content":{"rendered":"\n<div class=\"wp-block-media-text is-stacked-on-mobile\"><figure class=\"wp-block-media-text__media\"><img loading=\"lazy\" decoding=\"async\" width=\"1024\" height=\"570\" src=\"https:\/\/interaccioninformativa.mx\/wp-content\/uploads\/2025\/07\/Mexico-se-sumo-a-la-SVA-2024-con-vacunacion-binacional-fronteriza-1024x570.png\" alt=\"\" class=\"wp-image-598 size-full\" srcset=\"https:\/\/interaccioninformativa.mx\/wp-content\/uploads\/2025\/07\/Mexico-se-sumo-a-la-SVA-2024-con-vacunacion-binacional-fronteriza-1024x570.png 1024w, https:\/\/interaccioninformativa.mx\/wp-content\/uploads\/2025\/07\/Mexico-se-sumo-a-la-SVA-2024-con-vacunacion-binacional-fronteriza-300x167.png 300w, https:\/\/interaccioninformativa.mx\/wp-content\/uploads\/2025\/07\/Mexico-se-sumo-a-la-SVA-2024-con-vacunacion-binacional-fronteriza-768x428.png 768w, https:\/\/interaccioninformativa.mx\/wp-content\/uploads\/2025\/07\/Mexico-se-sumo-a-la-SVA-2024-con-vacunacion-binacional-fronteriza-1536x855.png 1536w, https:\/\/interaccioninformativa.mx\/wp-content\/uploads\/2025\/07\/Mexico-se-sumo-a-la-SVA-2024-con-vacunacion-binacional-fronteriza-2048x1140.png 2048w\" sizes=\"auto, (max-width: 1024px) 100vw, 1024px\" \/><\/figure><div class=\"wp-block-media-text__content\">\n<p>La Secretar\u00eda de Salud (SS) promovi\u00f3 en todo M\u00e9xico y durante todo el mes de abril, la \u201cCampa\u00f1a de recuperaci\u00f3n de coberturas de vacunaci\u00f3n\u201d, con \u00e9nfasis en la prevenci\u00f3n del sarampi\u00f3n, rub\u00e9ola y poliomielitis.<\/p>\n<\/div><\/div>\n\n\n\n<p>La SS tambi\u00e9n impuls\u00f3 actividades de vacunaci\u00f3n simult\u00e1nea binacional fronteriza en M\u00e9xico, Guatemala y Belice, en el marco de la Semana de Vacunaci\u00f3n de las Am\u00e9ricas 2024 \u201cAct\u00faa ahora para proteger tu futuro\u201d, que promueve la Organizaci\u00f3n Panamericana de la Salud\/Organizaci\u00f3n Mundial de la Salud (OPS\/OMS).<\/p>\n\n\n\n<p>Para aumentar la visibilidad de las acciones de vacunaci\u00f3n binacionales, se coordinaron eventos protocolarios en cada frontera, en los cuales se cont\u00f3 con la participaci\u00f3n de autoridades e invitados de los tres niveles operativo-administrativos de la Secretar\u00eda de Salud, Gobierno de Chiapas, Ministerio de Salud P\u00fablica y Asistencia Social en el caso de las actividades con Guatemala, as\u00ed como el Gobierno de Quintana Roo, el nivel departamental y local del Ministerio de Salud Belice y el acompa\u00f1amiento de la OPS\/OMS en ambas celebraciones entorno a la vacunaci\u00f3n.<\/p>\n\n\n\n<p>Los objetivos de las actividades de vacunaci\u00f3n simult\u00e1neas multipa\u00eds que se realizaron del 20 al 27 de abril de este a\u00f1o fueron:<\/p>\n\n\n\n<p>Iniciar y completar esquemas de vacunaci\u00f3n con criterio de l\u00ednea de vida y con base en los esquemas de vacunaci\u00f3n vigentes en cada pa\u00eds a fin de mantener la eliminaci\u00f3n de la poliomielitis, Sarampi\u00f3n, Rub\u00e9ola y del S\u00edndrome de Rub\u00e9ola Cong\u00e9nita en M\u00e9xico, Guatemala y Belice mediante la aplicaci\u00f3n de dosis faltantes conforme a los grupos de edad y vacuna correspondiente.<\/p>\n\n\n\n<p>Avanzar hacia el cumplimiento de cobertura de vacunaci\u00f3n de al menos 95% por tipo de vacuna a nivel nacional y subnacional, para disminuir el ac\u00famulo de susceptibles para enfermedades prevenibles por vacunaci\u00f3n.<\/p>\n\n\n\n<p>Las personas vacunadas adquieren inmunidad, promoviendo una inmunidad colectiva o de grupo, que protege indirectamente al resto de la poblaci\u00f3n siempre que la cobertura sea elevada. Por ello, la Representaci\u00f3n en M\u00e9xico de la OPS\/OMS acompa\u00f1\u00f3 los esfuerzos de vacunaci\u00f3n que se vieron reflejados en las 32 entidades del pa\u00eds.<\/p>\n\n\n\n<p>En este contexto, la organizaci\u00f3n tambi\u00e9n se sum\u00f3 a las actividades respectivas organizadas alrededor del \u201cVacunat\u00f3n\u201d de la alcald\u00eda Tl\u00e1huac, Ciudad de M\u00e9xico; en Mexicali y en Tijuana, Baja California. Adem\u00e1s, se realiz\u00f3 un taller de capacitaci\u00f3n sobre Monitoreos R\u00e1pidos de Vacunaci\u00f3n y se particip\u00f3 en las actividades casa por casa para acercar las vacunas a las comunidades en el estado de Sonora.<\/p>\n\n\n\n<p>La vacunaci\u00f3n es una forma de intervenci\u00f3n en salud que ha probado su beneficio a trav\u00e9s del tiempo; por su mecanismo de acci\u00f3n, la vacunaci\u00f3n permite la erradicaci\u00f3n de enfermedades ya que favorece la protecci\u00f3n a largo plazo. Garantizar el acceso efectivo a la vacunaci\u00f3n es indispensable para mejorar el bienestar de la poblaci\u00f3n y disminuir las brechas en salud. Act\u00faa ahora para proteger tu futuro.<\/p>\n","protected":false},"excerpt":{"rendered":"<div class=\"mh-excerpt\"><p>La Secretar\u00eda de Salud (SS) promovi\u00f3 en todo M\u00e9xico y durante todo el mes de abril, la \u201cCampa\u00f1a de recuperaci\u00f3n de coberturas de vacunaci\u00f3n\u201d, con <a class=\"mh-excerpt-more\" href=\"https:\/\/interaccioninformativa.mx\/index.php\/2024\/05\/03\/mexico-se-sumo-a-la-sva-2024-con-vacunacion-binacional-fronteriza\/\" title=\"M\u00e9xico se sum\u00f3 a la SVA 2024 con vacunaci\u00f3n binacional fronteriza.\">[&#8230;]<\/a><\/p>\n<\/div>","protected":false},"author":1,"featured_media":598,"comment_status":"open","ping_status":"closed","sticky":false,"template":"","format":"standard","meta":{"footnotes":""},"categories":[1],"tags":[],"class_list":["post-597","post","type-post","status-publish","format-standard","has-post-thumbnail","hentry","category-noticias"],"_links":{"self":[{"href":"https:\/\/interaccioninformativa.mx\/index.php\/wp-json\/wp\/v2\/posts\/597","targetHints":{"allow":["GET"]}}],"collection":[{"href":"https:\/\/interaccioninformativa.mx\/index.php\/wp-json\/wp\/v2\/posts"}],"about":[{"href":"https:\/\/interaccioninformativa.mx\/index.php\/wp-json\/wp\/v2\/types\/post"}],"author":[{"embeddable":true,"href":"https:\/\/interaccioninformativa.mx\/index.php\/wp-json\/wp\/v2\/users\/1"}],"replies":[{"embeddable":true,"href":"https:\/\/interaccioninformativa.mx\/index.php\/wp-json\/wp\/v2\/comments?post=597"}],"version-history":[{"count":1,"href":"https:\/\/interaccioninformativa.mx\/index.php\/wp-json\/wp\/v2\/posts\/597\/revisions"}],"predecessor-version":[{"id":599,"href":"https:\/\/interaccioninformativa.mx\/index.php\/wp-json\/wp\/v2\/posts\/597\/revisions\/599"}],"wp:featuredmedia":[{"embeddable":true,"href":"https:\/\/interaccioninformativa.mx\/index.php\/wp-json\/wp\/v2\/media\/598"}],"wp:attachment":[{"href":"https:\/\/interaccioninformativa.mx\/index.php\/wp-json\/wp\/v2\/media?parent=597"}],"wp:term":[{"taxonomy":"category","embeddable":true,"href":"https:\/\/interaccioninformativa.mx\/index.php\/wp-json\/wp\/v2\/categories?post=597"},{"taxonomy":"post_tag","embeddable":true,"href":"https:\/\/interaccioninformativa.mx\/index.php\/wp-json\/wp\/v2\/tags?post=597"}],"curies":[{"name":"wp","href":"https:\/\/api.w.org\/{rel}","templated":true}]}}