{"id":612,"date":"2024-10-03T22:03:00","date_gmt":"2024-10-03T22:03:00","guid":{"rendered":"https:\/\/interaccioninformativa.mx\/?p=612"},"modified":"2025-07-14T22:03:30","modified_gmt":"2025-07-14T22:03:30","slug":"matan-militares-a-6-migrantes-en-chiapas-tras-persecucion","status":"publish","type":"post","link":"https:\/\/interaccioninformativa.mx\/index.php\/2024\/10\/03\/matan-militares-a-6-migrantes-en-chiapas-tras-persecucion\/","title":{"rendered":"Matan militares a 6 migrantes en Chiapas tras persecuci\u00f3n."},"content":{"rendered":"\n<div class=\"wp-block-media-text is-stacked-on-mobile\"><figure class=\"wp-block-media-text__media\"><img loading=\"lazy\" decoding=\"async\" width=\"1024\" height=\"576\" src=\"https:\/\/interaccioninformativa.mx\/wp-content\/uploads\/2025\/07\/Matan-militares-a-6-migrantes-en-Chiapas-tras-persecucion-1024x576.jpg\" alt=\"\" class=\"wp-image-613 size-full\" srcset=\"https:\/\/interaccioninformativa.mx\/wp-content\/uploads\/2025\/07\/Matan-militares-a-6-migrantes-en-Chiapas-tras-persecucion-1024x576.jpg 1024w, https:\/\/interaccioninformativa.mx\/wp-content\/uploads\/2025\/07\/Matan-militares-a-6-migrantes-en-Chiapas-tras-persecucion-300x169.jpg 300w, https:\/\/interaccioninformativa.mx\/wp-content\/uploads\/2025\/07\/Matan-militares-a-6-migrantes-en-Chiapas-tras-persecucion-768x432.jpg 768w, https:\/\/interaccioninformativa.mx\/wp-content\/uploads\/2025\/07\/Matan-militares-a-6-migrantes-en-Chiapas-tras-persecucion-1536x864.jpg 1536w, https:\/\/interaccioninformativa.mx\/wp-content\/uploads\/2025\/07\/Matan-militares-a-6-migrantes-en-Chiapas-tras-persecucion-2048x1152.jpg 2048w\" sizes=\"auto, (max-width: 1024px) 100vw, 1024px\" \/><\/figure><div class=\"wp-block-media-text__content\">\n<p>Seis migrantes murieron y 10 m\u00e1s resultaron heridos de bala tras una persecuci\u00f3n por parte de elementos del Ej\u00e9rcito Mexicano en el municipio de Villa Comaltitl\u00e1n, Chiapas, inform\u00f3 la Secretar\u00eda de la Defensa Nacional (Sedena).<\/p>\n<\/div><\/div>\n\n\n<p>Detall\u00f3 que, aproximadamente a las 20:50 horas del martes, integrantes del Ej\u00e9rcito patrullaban la localidad costera cuando detectaron un veh\u00edculo tipo pick up que iba a alta velocidad en el tramo carretero Villa Comalti-tl\u00e1n-Huixtla, mismo que al ver al personal militar se evadi\u00f3; atr\u00e1s de la unidad, dijo, iban dos camionetas de redilas como las que usan grupos delincuenciales en esa regi\u00f3n.<\/p>\n<p>Personal militar manifest\u00f3 escuchar detonaciones, por lo que dos elementos accionaron su armamento; momento en que detuvo su marcha una de las camionetas de redilas que se desplazaban a retaguardia de la pick up.<\/p>\n<p>Al acercarse, los uniformados identificaron a 33 migrantes de nacionalidad egipcia, nepal\u00ed, cubana, hind\u00fa, pakistan\u00ed y \u00e1rabe, de los cuales, cuatro hab\u00edan fallecido, 12 estaban lesionados y 17 se encontraban ilesos; los heridos fue-ron trasladados al Hospital General de Huixtla, donde murieron dos extranjeros m\u00e1s.<\/p>\n<p>La Sedena precis\u00f3 que los dos soldados que dispararon fueron separados de sus funciones y al ser un hecho donde se vieron afectados civiles, se hizo del conocimiento de la Fiscal\u00eda General de la Rep\u00fablica para que realice las diligencias legales necesarias, sin perjuicio de que la Fiscal\u00eda General de Justicia Militar realice las investigaciones respecto a la disciplina castrense.<\/p>\n<p>La dependencia a\u00f1adi\u00f3 que los migrantes ilesos fueron puestos a disposici\u00f3n del Instituto Nacional de Migraci\u00f3n y se pidi\u00f3 el apoyo de la Secretar\u00eda de Relaciones Exteriores para establecer comunicaci\u00f3n con las embajadas correspondientes.<\/p>\n<p>La Sedena refrend\u00f3 su compromiso de actuar con estricto apego al estado de derecho, bajo una pol\u00edtica de cero impunidad, y se manifest\u00f3 atenta a requerimientos por parte de las autoridades civiles para el esclarecimiento de los hechos.<\/p>\n<p>El Colectivo de Monitoreo Frontera Sur, que agrupa a diversas organizaciones pro migrantes y de defensa de los derechos humanos, exigi\u00f3 justicia para las v\u00edctimas de este suceso, entre las que, asegur\u00f3, hay menores de edad.<\/p>\n<p>Refrendamos que este tipo de investigaciones deben ser centradas en el testimonio directo de los afectados, en condiciones dignas, de total imparcialidad y garan-t\u00edas de seguridad; asimismo, debe reconocerse la responsabilidad de la cadena de mando correspondiente, exigi\u00f3.<\/p>\n<p>Acusaron que este tipo de situaciones son consecuencia directa de ordenar el despliegue militar para la contenci\u00f3n de los flujos migratorios bajo una l\u00f3gica de persecuci\u00f3n y no de protecci\u00f3n hacia las personas en movilidad, violentando y deshumanizando a los individuos y poniendo en riesgo su integridad f\u00edsica, emocional y su vida.<\/p>\n<p>Solicitaron al gobierno federal implementar pol\u00edticas migratorias que protejan los derechos humanos, una investigaci\u00f3n pronta e imparcial, que se brinde atenci\u00f3n integral a las v\u00edctimas y sus familias, reparaci\u00f3n de los da\u00f1os y facilitar la repatriaci\u00f3n de cuerpos.<\/p>","protected":false},"excerpt":{"rendered":"<div class=\"mh-excerpt\"><p>Seis migrantes murieron y 10 m\u00e1s resultaron heridos de bala tras una persecuci\u00f3n por parte de elementos del Ej\u00e9rcito Mexicano en el municipio de Villa <a class=\"mh-excerpt-more\" href=\"https:\/\/interaccioninformativa.mx\/index.php\/2024\/10\/03\/matan-militares-a-6-migrantes-en-chiapas-tras-persecucion\/\" title=\"Matan militares a 6 migrantes en Chiapas tras persecuci\u00f3n.\">[&#8230;]<\/a><\/p>\n<\/div>","protected":false},"author":1,"featured_media":613,"comment_status":"open","ping_status":"closed","sticky":false,"template":"","format":"standard","meta":{"footnotes":""},"categories":[1],"tags":[],"class_list":["post-612","post","type-post","status-publish","format-standard","has-post-thumbnail","hentry","category-noticias"],"_links":{"self":[{"href":"https:\/\/interaccioninformativa.mx\/index.php\/wp-json\/wp\/v2\/posts\/612","targetHints":{"allow":["GET"]}}],"collection":[{"href":"https:\/\/interaccioninformativa.mx\/index.php\/wp-json\/wp\/v2\/posts"}],"about":[{"href":"https:\/\/interaccioninformativa.mx\/index.php\/wp-json\/wp\/v2\/types\/post"}],"author":[{"embeddable":true,"href":"https:\/\/interaccioninformativa.mx\/index.php\/wp-json\/wp\/v2\/users\/1"}],"replies":[{"embeddable":true,"href":"https:\/\/interaccioninformativa.mx\/index.php\/wp-json\/wp\/v2\/comments?post=612"}],"version-history":[{"count":1,"href":"https:\/\/interaccioninformativa.mx\/index.php\/wp-json\/wp\/v2\/posts\/612\/revisions"}],"predecessor-version":[{"id":614,"href":"https:\/\/interaccioninformativa.mx\/index.php\/wp-json\/wp\/v2\/posts\/612\/revisions\/614"}],"wp:featuredmedia":[{"embeddable":true,"href":"https:\/\/interaccioninformativa.mx\/index.php\/wp-json\/wp\/v2\/media\/613"}],"wp:attachment":[{"href":"https:\/\/interaccioninformativa.mx\/index.php\/wp-json\/wp\/v2\/media?parent=612"}],"wp:term":[{"taxonomy":"category","embeddable":true,"href":"https:\/\/interaccioninformativa.mx\/index.php\/wp-json\/wp\/v2\/categories?post=612"},{"taxonomy":"post_tag","embeddable":true,"href":"https:\/\/interaccioninformativa.mx\/index.php\/wp-json\/wp\/v2\/tags?post=612"}],"curies":[{"name":"wp","href":"https:\/\/api.w.org\/{rel}","templated":true}]}}