{"id":618,"date":"2024-10-13T22:11:00","date_gmt":"2024-10-13T22:11:00","guid":{"rendered":"https:\/\/interaccioninformativa.mx\/?p=618"},"modified":"2025-07-14T22:11:40","modified_gmt":"2025-07-14T22:11:40","slug":"encuentran-cinco-cuerpos-decapitados-en-jalisco-lo-que-se-sabe-hasta-ahora","status":"publish","type":"post","link":"https:\/\/interaccioninformativa.mx\/index.php\/2024\/10\/13\/encuentran-cinco-cuerpos-decapitados-en-jalisco-lo-que-se-sabe-hasta-ahora\/","title":{"rendered":"Encuentran cinco cuerpos decapitados en Jalisco: Lo que se sabe hasta ahora."},"content":{"rendered":"\n<div class=\"wp-block-media-text is-stacked-on-mobile\"><figure class=\"wp-block-media-text__media\"><img loading=\"lazy\" decoding=\"async\" width=\"1024\" height=\"683\" src=\"https:\/\/interaccioninformativa.mx\/wp-content\/uploads\/2025\/07\/Encuentran-cinco-cuerpos-decapitados-en-Jalisco-Lo-que-se-sabe-hasta-ahora-1024x683.jpg\" alt=\"\" class=\"wp-image-620 size-full\" srcset=\"https:\/\/interaccioninformativa.mx\/wp-content\/uploads\/2025\/07\/Encuentran-cinco-cuerpos-decapitados-en-Jalisco-Lo-que-se-sabe-hasta-ahora-1024x683.jpg 1024w, https:\/\/interaccioninformativa.mx\/wp-content\/uploads\/2025\/07\/Encuentran-cinco-cuerpos-decapitados-en-Jalisco-Lo-que-se-sabe-hasta-ahora-300x200.jpg 300w, https:\/\/interaccioninformativa.mx\/wp-content\/uploads\/2025\/07\/Encuentran-cinco-cuerpos-decapitados-en-Jalisco-Lo-que-se-sabe-hasta-ahora-768x512.jpg 768w, https:\/\/interaccioninformativa.mx\/wp-content\/uploads\/2025\/07\/Encuentran-cinco-cuerpos-decapitados-en-Jalisco-Lo-que-se-sabe-hasta-ahora.jpg 1200w\" sizes=\"auto, (max-width: 1024px) 100vw, 1024px\" \/><\/figure><div class=\"wp-block-media-text__content\">\n<p>Hallan cinco cuerpos decapitados en carretera de Jalisco, autoridades investigan posible v\u00ednculo con enfrentamiento previo.<\/p>\n\n\n\n<p>El hallazgo de cinco cuerpos decapitados en una carretera de Jalisco ha generado preocupaci\u00f3n entre las autoridades y la poblaci\u00f3n. Los cuerpos fueron encontrados en la madrugada sobre la carretera que conecta Ojuelos con San Luis Potos\u00ed, en el crucero conocido como Pinos, en el municipio de Ojuelos.<\/p>\n<\/div><\/div>\n\n\n<p>El descubrimiento fue reportado por automovilistas que circulaban por la zona.<\/p>\n<p>Las autoridades locales, junto con la Guardia Nacional y la Secretar\u00eda de la Defensa Nacional, Sedena acudieron al lugar para iniciar las investigaciones. Hasta el momento, no se ha revelado la identidad ni la edad de las v\u00edctimas, pero se inform\u00f3 que las cabezas fueron encontradas en bolsas separadas de los cuerpos.<\/p>\n<p>Las investigaciones est\u00e1n en curso y se espera la colaboraci\u00f3n de la Fiscal\u00eda Regional para dar con los responsables de este crimen. Asimismo, se estudia la posibilidad de que estos hechos est\u00e9n relacionados con un enfrentamiento previo registrado en San Juan de Los Lagos.<\/p>","protected":false},"excerpt":{"rendered":"<div class=\"mh-excerpt\"><p>Hallan cinco cuerpos decapitados en carretera de Jalisco, autoridades investigan posible v\u00ednculo con enfrentamiento previo. El hallazgo de cinco cuerpos decapitados en una carretera de <a class=\"mh-excerpt-more\" href=\"https:\/\/interaccioninformativa.mx\/index.php\/2024\/10\/13\/encuentran-cinco-cuerpos-decapitados-en-jalisco-lo-que-se-sabe-hasta-ahora\/\" title=\"Encuentran cinco cuerpos decapitados en Jalisco: Lo que se sabe hasta ahora.\">[&#8230;]<\/a><\/p>\n<\/div>","protected":false},"author":1,"featured_media":620,"comment_status":"open","ping_status":"closed","sticky":false,"template":"","format":"standard","meta":{"footnotes":""},"categories":[1],"tags":[],"class_list":["post-618","post","type-post","status-publish","format-standard","has-post-thumbnail","hentry","category-noticias"],"_links":{"self":[{"href":"https:\/\/interaccioninformativa.mx\/index.php\/wp-json\/wp\/v2\/posts\/618","targetHints":{"allow":["GET"]}}],"collection":[{"href":"https:\/\/interaccioninformativa.mx\/index.php\/wp-json\/wp\/v2\/posts"}],"about":[{"href":"https:\/\/interaccioninformativa.mx\/index.php\/wp-json\/wp\/v2\/types\/post"}],"author":[{"embeddable":true,"href":"https:\/\/interaccioninformativa.mx\/index.php\/wp-json\/wp\/v2\/users\/1"}],"replies":[{"embeddable":true,"href":"https:\/\/interaccioninformativa.mx\/index.php\/wp-json\/wp\/v2\/comments?post=618"}],"version-history":[{"count":1,"href":"https:\/\/interaccioninformativa.mx\/index.php\/wp-json\/wp\/v2\/posts\/618\/revisions"}],"predecessor-version":[{"id":622,"href":"https:\/\/interaccioninformativa.mx\/index.php\/wp-json\/wp\/v2\/posts\/618\/revisions\/622"}],"wp:featuredmedia":[{"embeddable":true,"href":"https:\/\/interaccioninformativa.mx\/index.php\/wp-json\/wp\/v2\/media\/620"}],"wp:attachment":[{"href":"https:\/\/interaccioninformativa.mx\/index.php\/wp-json\/wp\/v2\/media?parent=618"}],"wp:term":[{"taxonomy":"category","embeddable":true,"href":"https:\/\/interaccioninformativa.mx\/index.php\/wp-json\/wp\/v2\/categories?post=618"},{"taxonomy":"post_tag","embeddable":true,"href":"https:\/\/interaccioninformativa.mx\/index.php\/wp-json\/wp\/v2\/tags?post=618"}],"curies":[{"name":"wp","href":"https:\/\/api.w.org\/{rel}","templated":true}]}}