{"id":626,"date":"2025-04-01T22:15:00","date_gmt":"2025-04-01T22:15:00","guid":{"rendered":"https:\/\/interaccioninformativa.mx\/?p=626"},"modified":"2025-07-14T22:15:55","modified_gmt":"2025-07-14T22:15:55","slug":"quien-es-el-mencho-el-hombre-mas-buscado-de-mexico-y-en-el-centro-de-una-polemica-por-los-narcocorridos-del-grupo-los-alegres-del-barranco","status":"publish","type":"post","link":"https:\/\/interaccioninformativa.mx\/index.php\/2025\/04\/01\/quien-es-el-mencho-el-hombre-mas-buscado-de-mexico-y-en-el-centro-de-una-polemica-por-los-narcocorridos-del-grupo-los-alegres-del-barranco\/","title":{"rendered":"Qui\u00e9n es \u00abel Mencho\u00bb, el hombre m\u00e1s buscado de M\u00e9xico y en el centro de una pol\u00e9mica por los narcocorridos del grupo Los Alegres del Barranco"},"content":{"rendered":"\n<div class=\"wp-block-media-text is-stacked-on-mobile\"><figure class=\"wp-block-media-text__media\"><img loading=\"lazy\" decoding=\"async\" width=\"800\" height=\"450\" src=\"https:\/\/interaccioninformativa.mx\/wp-content\/uploads\/2025\/07\/f81214e0-0f45-11f0-b234-07dc7691c360.jpg.webp\" alt=\"\" class=\"wp-image-627 size-full\" srcset=\"https:\/\/interaccioninformativa.mx\/wp-content\/uploads\/2025\/07\/f81214e0-0f45-11f0-b234-07dc7691c360.jpg.webp 800w, https:\/\/interaccioninformativa.mx\/wp-content\/uploads\/2025\/07\/f81214e0-0f45-11f0-b234-07dc7691c360.jpg-300x169.webp 300w, https:\/\/interaccioninformativa.mx\/wp-content\/uploads\/2025\/07\/f81214e0-0f45-11f0-b234-07dc7691c360.jpg-768x432.webp 768w\" sizes=\"auto, (max-width: 800px) 100vw, 800px\" \/><\/figure><div class=\"wp-block-media-text__content\">\n<p><strong>La presentaci\u00f3n del grupo musical Los Alegres del Barranco en la ciudad mexicana de Guadalajara, el fin de semana pasado, desat\u00f3 duras cr\u00edticas hacia el grupo por una canci\u00f3n que enaltece a uno de los narcotraficantes m\u00e1s buscados por M\u00e9xico y Estados Unidos: Nemesio Oseguera Cervantes.<\/strong><\/p>\n<\/div><\/div>\n\n\n<p>Conocido como \u00abel Mencho\u00bb, se trata del m\u00e1ximo jefe del Cartel Jalisco Nueva Generaci\u00f3n (CJNG), una de las organizaciones de la delincuencia m\u00e1s violentas y extendidas en M\u00e9xico y que el mes pasado fue designada por el gobierno de EE.UU. como organizaci\u00f3n terrorista.<\/p>\n<p>El s\u00e1bado, Los Alegres del Barranco interpretaron su canci\u00f3n \u00abEl del palenque\u00bb. Su letra hace referencia directa a \u00abMencho\u00bb, a quien se le enaltece como jefe del cartel de las \u00abcuatro letras\u00bb junto a varios de sus lugartenientes, o sus \u00abgallos\u00bb, seg\u00fan la composici\u00f3n.<\/p>\n<p>Aunque se trata de una canci\u00f3n que el grupo lanz\u00f3 en 2021 y que ha presentado en m\u00faltiples lugares, la actuaci\u00f3n del s\u00e1bado ocurri\u00f3 en un contexto delicado.<\/p>\n<p>Se dio en un auditorio de la capital de Jalisco ubicada a tan solo unos kil\u00f3metros de Teuchitl\u00e1n, la localidad donde a inicios de marzo fue descubierto un predio usado por el CJNG para entrenar a reclutas y donde presuntamente se cometieron homicidios y torturas.<\/p>\n<p>\u00abNo deber\u00eda de ocurrir eso\u2026 no est\u00e1 bien. Que se haga una investigaci\u00f3n\u00bb, dijo la presidenta Claudia Sheinbaum el lunes, adem\u00e1s de que pidi\u00f3 a los organizadores de eventos musicales \u00abfijarse a qui\u00e9n invitan y cu\u00e1l es el espect\u00e1culo que va a haber, porque no se puede hacer apolog\u00eda de la violencia ni de los grupos delictivos\u00bb.<\/p>","protected":false},"excerpt":{"rendered":"<div class=\"mh-excerpt\"><p>La presentaci\u00f3n del grupo musical Los Alegres del Barranco en la ciudad mexicana de Guadalajara, el fin de semana pasado, desat\u00f3 duras cr\u00edticas hacia el <a class=\"mh-excerpt-more\" href=\"https:\/\/interaccioninformativa.mx\/index.php\/2025\/04\/01\/quien-es-el-mencho-el-hombre-mas-buscado-de-mexico-y-en-el-centro-de-una-polemica-por-los-narcocorridos-del-grupo-los-alegres-del-barranco\/\" title=\"Qui\u00e9n es \u00abel Mencho\u00bb, el hombre m\u00e1s buscado de M\u00e9xico y en el centro de una pol\u00e9mica por los narcocorridos del grupo Los Alegres del Barranco\">[&#8230;]<\/a><\/p>\n<\/div>","protected":false},"author":1,"featured_media":627,"comment_status":"open","ping_status":"closed","sticky":false,"template":"","format":"standard","meta":{"footnotes":""},"categories":[1],"tags":[],"class_list":["post-626","post","type-post","status-publish","format-standard","has-post-thumbnail","hentry","category-noticias"],"_links":{"self":[{"href":"https:\/\/interaccioninformativa.mx\/index.php\/wp-json\/wp\/v2\/posts\/626","targetHints":{"allow":["GET"]}}],"collection":[{"href":"https:\/\/interaccioninformativa.mx\/index.php\/wp-json\/wp\/v2\/posts"}],"about":[{"href":"https:\/\/interaccioninformativa.mx\/index.php\/wp-json\/wp\/v2\/types\/post"}],"author":[{"embeddable":true,"href":"https:\/\/interaccioninformativa.mx\/index.php\/wp-json\/wp\/v2\/users\/1"}],"replies":[{"embeddable":true,"href":"https:\/\/interaccioninformativa.mx\/index.php\/wp-json\/wp\/v2\/comments?post=626"}],"version-history":[{"count":1,"href":"https:\/\/interaccioninformativa.mx\/index.php\/wp-json\/wp\/v2\/posts\/626\/revisions"}],"predecessor-version":[{"id":628,"href":"https:\/\/interaccioninformativa.mx\/index.php\/wp-json\/wp\/v2\/posts\/626\/revisions\/628"}],"wp:featuredmedia":[{"embeddable":true,"href":"https:\/\/interaccioninformativa.mx\/index.php\/wp-json\/wp\/v2\/media\/627"}],"wp:attachment":[{"href":"https:\/\/interaccioninformativa.mx\/index.php\/wp-json\/wp\/v2\/media?parent=626"}],"wp:term":[{"taxonomy":"category","embeddable":true,"href":"https:\/\/interaccioninformativa.mx\/index.php\/wp-json\/wp\/v2\/categories?post=626"},{"taxonomy":"post_tag","embeddable":true,"href":"https:\/\/interaccioninformativa.mx\/index.php\/wp-json\/wp\/v2\/tags?post=626"}],"curies":[{"name":"wp","href":"https:\/\/api.w.org\/{rel}","templated":true}]}}