{"id":653,"date":"2024-10-19T22:35:00","date_gmt":"2024-10-19T22:35:00","guid":{"rendered":"https:\/\/interaccioninformativa.mx\/?p=653"},"modified":"2025-07-14T22:35:42","modified_gmt":"2025-07-14T22:35:42","slug":"cofepris-autoriza-venta-de-vacuna-actualizada-contra-covid-19-de-pfizer-de-que-variantes-protege","status":"publish","type":"post","link":"https:\/\/interaccioninformativa.mx\/index.php\/2024\/10\/19\/cofepris-autoriza-venta-de-vacuna-actualizada-contra-covid-19-de-pfizer-de-que-variantes-protege\/","title":{"rendered":"Cofepris autoriza venta de vacuna actualizada contra covid-19 de Pfizer; de qu\u00e9 variantes protege."},"content":{"rendered":"\n<div class=\"wp-block-media-text is-stacked-on-mobile\"><figure class=\"wp-block-media-text__media\"><img loading=\"lazy\" decoding=\"async\" width=\"1024\" height=\"670\" src=\"https:\/\/interaccioninformativa.mx\/wp-content\/uploads\/2025\/07\/Cofepris-autoriza-venta-de-vacuna-actualizada-contra-covid-19-de-Pfizer-1024x670.png\" alt=\"\" class=\"wp-image-657 size-full\" srcset=\"https:\/\/interaccioninformativa.mx\/wp-content\/uploads\/2025\/07\/Cofepris-autoriza-venta-de-vacuna-actualizada-contra-covid-19-de-Pfizer-1024x670.png 1024w, https:\/\/interaccioninformativa.mx\/wp-content\/uploads\/2025\/07\/Cofepris-autoriza-venta-de-vacuna-actualizada-contra-covid-19-de-Pfizer-300x196.png 300w, https:\/\/interaccioninformativa.mx\/wp-content\/uploads\/2025\/07\/Cofepris-autoriza-venta-de-vacuna-actualizada-contra-covid-19-de-Pfizer-768x503.png 768w, https:\/\/interaccioninformativa.mx\/wp-content\/uploads\/2025\/07\/Cofepris-autoriza-venta-de-vacuna-actualizada-contra-covid-19-de-Pfizer-1536x1005.png 1536w, https:\/\/interaccioninformativa.mx\/wp-content\/uploads\/2025\/07\/Cofepris-autoriza-venta-de-vacuna-actualizada-contra-covid-19-de-Pfizer.png 1956w\" sizes=\"auto, (max-width: 1024px) 100vw, 1024px\" \/><\/figure><div class=\"wp-block-media-text__content\">\n<p>La Secretar\u00eda de Salud indic\u00f3 que este a\u00f1o se han reportado m\u00e1s de 13 mil casos de covid-19 en M\u00e9xico.<br>La Comisi\u00f3n Federal para la Protecci\u00f3n contra Riesgos Sanitarios (Cofepris) autoriz\u00f3 la comercializaci\u00f3n de la vacuna contra covid-19 actualizada de la farmac\u00e9utica Pfizer,<\/p>\n<\/div><\/div>\n\n\n<p>A pocas semanas de que comience la temporada invernal y a casi un a\u00f1o de que se autoriz\u00f3 por primera vez la venta y aplicaci\u00f3n del biol\u00f3gico en algunas cadenas de farmacias a nivel nacional.<\/p>\n<p>En un comunicado, la farmac\u00e9utica Pfizer inform\u00f3 que la Cofepris \u201cdio el visto bueno\u201d a la comercializaci\u00f3n de la vacuna actualizada, destacando que esta versi\u00f3n \u201cfue elegida y recomendada un\u00e1nimemente para el linaje JN.1\u2033, la cual deriva de la variante omicron, la cual tiene un alto nivel de contagio.<\/p>\n<p>La empresa destac\u00f3 que la actualizaci\u00f3n del biol\u00f3gico obedece al consenso establecido por el Comit\u00e9 Asesor sobre Vacunas y Productos Biol\u00f3gicos Relacionados de la Food and Drugs Administration (FDA) de Estados Unidos, el pasado mes de junio.<\/p>\n<p>Juan Luis Morell, Director General de Pfizer M\u00e9xico, celebr\u00f3 que la Cofepris otorg\u00f3 el permiso, pues en el mismo documento se precis\u00f3 que este a\u00f1o la Secretar\u00eda de Salud ha reportado 13 mil 807 casos de covid-19 en M\u00e9xico, de los cuales 625 pacientes fallecieron.<br \/>A esto se suma que actualmente se ha registrado un aumento del 7.4% a 13% de casos en 85 pa\u00edses, de acuerdo con el Sistema Mundial de Vigilancia y Respuesta a la Gripe (SMVRG).<\/p>\n<p>\u201cDesde que lanzamos la primera vacuna contra COVID durante la pandemia, hemos continuado firmes en nuestro compromiso por controlar esta enfermedad. Por ello, y gracias a los adelantos innovadores en el desarrollo y actualizaci\u00f3n de las vacunas podemos poner a disposici\u00f3n de cada vez m\u00e1s personas nuevas herramientas para prevenir enfermedades que pueden poner en riesgo su salud. Nos sentimos muy orgullosos por esta nueva autorizaci\u00f3n que nos permite contribuir con el bienestar de los mexicanos\u201d, coment\u00f3 Morell.<\/p>\n<p>La farmac\u00e9utica no precis\u00f3 c\u00f3mo se comercializar\u00eda la vacuna en M\u00e9xico, la fecha, el precio ni la cantidad de dosis que se enviar\u00edan.<\/p>\n<p>Sin embargo, cabe recordar que esta semana la Secretar\u00eda de Salud comenz\u00f3 la campa\u00f1a de vacunaci\u00f3n invernal 2024, la cual consistir\u00e1 en la aplicaci\u00f3n de las vacunas contra covid-19, influenza y neumococo durante los pr\u00f3ximos cinco meses, en los centros de salud del ISSSTE, en las m\u00e1s de 11 mil unidades del IMSS-Bienestar y en mil 543 Unidades de Medicina Familiar (UMF) en mil 500 puestos fijos y semifijos, as\u00ed como los Hospitales de Alta Especialidad y en el segundo nivel.<\/p>\n<p>De acuerdo con el gobierno federal, durante la campa\u00f1a de vacunaci\u00f3n se aplicar\u00e1n las vacunas contra el covid-19 llamadas Abdala y Patria, desarrolladas en Cuba y M\u00e9xico, respectivamente.<\/p>\n<p>&nbsp;<\/p>","protected":false},"excerpt":{"rendered":"<div class=\"mh-excerpt\"><p>La Secretar\u00eda de Salud indic\u00f3 que este a\u00f1o se han reportado m\u00e1s de 13 mil casos de covid-19 en M\u00e9xico.La Comisi\u00f3n Federal para la Protecci\u00f3n <a class=\"mh-excerpt-more\" href=\"https:\/\/interaccioninformativa.mx\/index.php\/2024\/10\/19\/cofepris-autoriza-venta-de-vacuna-actualizada-contra-covid-19-de-pfizer-de-que-variantes-protege\/\" title=\"Cofepris autoriza venta de vacuna actualizada contra covid-19 de Pfizer; de qu\u00e9 variantes protege.\">[&#8230;]<\/a><\/p>\n<\/div>","protected":false},"author":1,"featured_media":657,"comment_status":"open","ping_status":"closed","sticky":false,"template":"","format":"standard","meta":{"footnotes":""},"categories":[1],"tags":[],"class_list":["post-653","post","type-post","status-publish","format-standard","has-post-thumbnail","hentry","category-noticias"],"_links":{"self":[{"href":"https:\/\/interaccioninformativa.mx\/index.php\/wp-json\/wp\/v2\/posts\/653","targetHints":{"allow":["GET"]}}],"collection":[{"href":"https:\/\/interaccioninformativa.mx\/index.php\/wp-json\/wp\/v2\/posts"}],"about":[{"href":"https:\/\/interaccioninformativa.mx\/index.php\/wp-json\/wp\/v2\/types\/post"}],"author":[{"embeddable":true,"href":"https:\/\/interaccioninformativa.mx\/index.php\/wp-json\/wp\/v2\/users\/1"}],"replies":[{"embeddable":true,"href":"https:\/\/interaccioninformativa.mx\/index.php\/wp-json\/wp\/v2\/comments?post=653"}],"version-history":[{"count":1,"href":"https:\/\/interaccioninformativa.mx\/index.php\/wp-json\/wp\/v2\/posts\/653\/revisions"}],"predecessor-version":[{"id":659,"href":"https:\/\/interaccioninformativa.mx\/index.php\/wp-json\/wp\/v2\/posts\/653\/revisions\/659"}],"wp:featuredmedia":[{"embeddable":true,"href":"https:\/\/interaccioninformativa.mx\/index.php\/wp-json\/wp\/v2\/media\/657"}],"wp:attachment":[{"href":"https:\/\/interaccioninformativa.mx\/index.php\/wp-json\/wp\/v2\/media?parent=653"}],"wp:term":[{"taxonomy":"category","embeddable":true,"href":"https:\/\/interaccioninformativa.mx\/index.php\/wp-json\/wp\/v2\/categories?post=653"},{"taxonomy":"post_tag","embeddable":true,"href":"https:\/\/interaccioninformativa.mx\/index.php\/wp-json\/wp\/v2\/tags?post=653"}],"curies":[{"name":"wp","href":"https:\/\/api.w.org\/{rel}","templated":true}]}}