{"id":658,"date":"2025-06-02T22:38:00","date_gmt":"2025-06-02T22:38:00","guid":{"rendered":"https:\/\/interaccioninformativa.mx\/?p=658"},"modified":"2025-07-14T22:39:16","modified_gmt":"2025-07-14T22:39:16","slug":"por-que-fue-tan-baja-la-participacion-en-la-eleccion-judicial-en-mexico-si-era-una-iniciativa-de-un-gobierno-tan-popular","status":"publish","type":"post","link":"https:\/\/interaccioninformativa.mx\/index.php\/2025\/06\/02\/por-que-fue-tan-baja-la-participacion-en-la-eleccion-judicial-en-mexico-si-era-una-iniciativa-de-un-gobierno-tan-popular\/","title":{"rendered":"\u00bfPor qu\u00e9 fue tan baja la participaci\u00f3n en la elecci\u00f3n judicial en M\u00e9xico, si era una iniciativa de un gobierno tan popular?"},"content":{"rendered":"\n<div class=\"wp-block-media-text is-stacked-on-mobile\"><figure class=\"wp-block-media-text__media\"><img loading=\"lazy\" decoding=\"async\" width=\"800\" height=\"450\" src=\"https:\/\/interaccioninformativa.mx\/wp-content\/uploads\/2025\/07\/085e5830-3fd5-11f0-b6e6-4ddb91039da1.jpg.webp\" alt=\"\" class=\"wp-image-661 size-full\" srcset=\"https:\/\/interaccioninformativa.mx\/wp-content\/uploads\/2025\/07\/085e5830-3fd5-11f0-b6e6-4ddb91039da1.jpg.webp 800w, https:\/\/interaccioninformativa.mx\/wp-content\/uploads\/2025\/07\/085e5830-3fd5-11f0-b6e6-4ddb91039da1.jpg-300x169.webp 300w, https:\/\/interaccioninformativa.mx\/wp-content\/uploads\/2025\/07\/085e5830-3fd5-11f0-b6e6-4ddb91039da1.jpg-768x432.webp 768w\" sizes=\"auto, (max-width: 800px) 100vw, 800px\" \/><\/figure><div class=\"wp-block-media-text__content\">\n<p>La presidenta, Claudia Sheinbaum, calific\u00f3 la elecci\u00f3n como un \u00ab\u00e9xito\u00bb pese a la baja participaci\u00f3n.<\/p>\n<\/div><\/div>\n\n\n<p>M\u00e9xico ya recorre terreno desconocido.<\/p>\n<p>Este domingo, el pueblo mexicano fue convocado a las urnas para elegir 2.681cargos de jueces y magistrados nacionales y locales en un ejercicio in\u00e9dito, no solo en el pa\u00eds, sino en el mundo.<\/p>\n<p>Aunque sistemas semejantes existen en Bolivia, Jap\u00f3n y Estados Unidos, la reforma judicial promovida por el partido de gobierno, Morena, es un invento que nadie m\u00e1s se puede atribuir.<\/p>\n<p>Y para un desarrollo tan significativo, la participaci\u00f3n del 13% de la poblaci\u00f3n llamada a votar es, al menos, un llamado de atenci\u00f3n para el gobierno de Claudia Sheinbaum, quien cuenta que una aprobaci\u00f3n de m\u00e1s del 80%, seg\u00fan varias encuestas.<\/p>\n<p>\u00abTodo es perfectible, ayer fue la primera elecci\u00f3n, se sacar\u00e1n las conclusiones para poder mejorar en 2027. Fue un gran ejercicio y mucha gente particip\u00f3\u00bb, dijo la presidenta este lunes.<\/p>\n\n\n<p><\/p>\n","protected":false},"excerpt":{"rendered":"<div class=\"mh-excerpt\"><p>La presidenta, Claudia Sheinbaum, calific\u00f3 la elecci\u00f3n como un \u00ab\u00e9xito\u00bb pese a la baja participaci\u00f3n. M\u00e9xico ya recorre terreno desconocido. Este domingo, el pueblo mexicano <a class=\"mh-excerpt-more\" href=\"https:\/\/interaccioninformativa.mx\/index.php\/2025\/06\/02\/por-que-fue-tan-baja-la-participacion-en-la-eleccion-judicial-en-mexico-si-era-una-iniciativa-de-un-gobierno-tan-popular\/\" title=\"\u00bfPor qu\u00e9 fue tan baja la participaci\u00f3n en la elecci\u00f3n judicial en M\u00e9xico, si era una iniciativa de un gobierno tan popular?\">[&#8230;]<\/a><\/p>\n<\/div>","protected":false},"author":1,"featured_media":661,"comment_status":"open","ping_status":"closed","sticky":false,"template":"","format":"standard","meta":{"footnotes":""},"categories":[1],"tags":[],"class_list":["post-658","post","type-post","status-publish","format-standard","has-post-thumbnail","hentry","category-noticias"],"_links":{"self":[{"href":"https:\/\/interaccioninformativa.mx\/index.php\/wp-json\/wp\/v2\/posts\/658","targetHints":{"allow":["GET"]}}],"collection":[{"href":"https:\/\/interaccioninformativa.mx\/index.php\/wp-json\/wp\/v2\/posts"}],"about":[{"href":"https:\/\/interaccioninformativa.mx\/index.php\/wp-json\/wp\/v2\/types\/post"}],"author":[{"embeddable":true,"href":"https:\/\/interaccioninformativa.mx\/index.php\/wp-json\/wp\/v2\/users\/1"}],"replies":[{"embeddable":true,"href":"https:\/\/interaccioninformativa.mx\/index.php\/wp-json\/wp\/v2\/comments?post=658"}],"version-history":[{"count":1,"href":"https:\/\/interaccioninformativa.mx\/index.php\/wp-json\/wp\/v2\/posts\/658\/revisions"}],"predecessor-version":[{"id":662,"href":"https:\/\/interaccioninformativa.mx\/index.php\/wp-json\/wp\/v2\/posts\/658\/revisions\/662"}],"wp:featuredmedia":[{"embeddable":true,"href":"https:\/\/interaccioninformativa.mx\/index.php\/wp-json\/wp\/v2\/media\/661"}],"wp:attachment":[{"href":"https:\/\/interaccioninformativa.mx\/index.php\/wp-json\/wp\/v2\/media?parent=658"}],"wp:term":[{"taxonomy":"category","embeddable":true,"href":"https:\/\/interaccioninformativa.mx\/index.php\/wp-json\/wp\/v2\/categories?post=658"},{"taxonomy":"post_tag","embeddable":true,"href":"https:\/\/interaccioninformativa.mx\/index.php\/wp-json\/wp\/v2\/tags?post=658"}],"curies":[{"name":"wp","href":"https:\/\/api.w.org\/{rel}","templated":true}]}}