{"id":665,"date":"2025-06-05T22:40:00","date_gmt":"2025-06-05T22:40:00","guid":{"rendered":"https:\/\/interaccioninformativa.mx\/?p=665"},"modified":"2025-07-14T22:41:11","modified_gmt":"2025-07-14T22:41:11","slug":"incendio-en-la-guarderia-abc-en-hermosillo-sonora-5-de-junio","status":"publish","type":"post","link":"https:\/\/interaccioninformativa.mx\/index.php\/2025\/06\/05\/incendio-en-la-guarderia-abc-en-hermosillo-sonora-5-de-junio\/","title":{"rendered":"Incendio en la Guarder\u00eda ABC en Hermosillo, Sonora. 5 de junio"},"content":{"rendered":"\n<div class=\"wp-block-media-text is-stacked-on-mobile\"><figure class=\"wp-block-media-text__media\"><img loading=\"lazy\" decoding=\"async\" width=\"500\" height=\"300\" src=\"https:\/\/interaccioninformativa.mx\/wp-content\/uploads\/2025\/07\/Imagen7_0.jpg\" alt=\"\" class=\"wp-image-667 size-full\" srcset=\"https:\/\/interaccioninformativa.mx\/wp-content\/uploads\/2025\/07\/Imagen7_0.jpg 500w, https:\/\/interaccioninformativa.mx\/wp-content\/uploads\/2025\/07\/Imagen7_0-300x180.jpg 300w\" sizes=\"auto, (max-width: 500px) 100vw, 500px\" \/><\/figure><div class=\"wp-block-media-text__content\">\n<p><em>\u201cLa guarder\u00eda es un ejemplo paradigm\u00e1tico de la situaci\u00f3n de inseguridad, incumplimientos e irregularidades que prevalec\u00edan en pr\u00e1cticamente todas las guarder\u00edas subrogadas por el IMSS en el pa\u00eds\u201d.<\/em><\/p>\n<\/div><\/div>\n\n\n<p>El d\u00eda 5 de junio de 2009, aproximadamente a las 14:45 horas, ocurri\u00f3 el lamentable incendio de la Guarder\u00eda ABC en Hermosillo, Sonora. El plantel estaba subrogado por el Instituto Mexicano del Seguro Social (IMSS). Como resultado fallecieron 49 menores y hubo un n\u00famero indeterminado de ni\u00f1os y adultos lesionados[1].<\/p>\n<p>Todo comenz\u00f3 en una bodega anexa perteneciente a la Secretar\u00eda de Hacienda. Ah\u00ed se origin\u00f3 el fuego y el humo migr\u00f3 hacia la guarder\u00eda sin mayor obst\u00e1culo: el muro de uso com\u00fan ten\u00eda dos rieles met\u00e1licos horizontales incrustados, presentaban orificios y en algunas secciones no alcanzaban a unirse a la pared; adem\u00e1s, en la parte superior del muro hab\u00eda otros boquetes. A temperatura alta, el humo circul\u00f3 hacia la guarder\u00eda[2].<\/p>\n<p>De acuerdo con testimonios recabados entre vecinos de lugar, cuando el incendio comenz\u00f3 fue imposible sacar a los ni\u00f1os por la forma en que estaba construida la guarder\u00eda. Minutos despu\u00e9s la situaci\u00f3n se sali\u00f3 de control: las 17 ambulancias que se dedicaban a llevar a los heridos quedaron rebasadas y los ni\u00f1os tuvieron que ser trasladados en carros y patrullas a los hospitales.<\/p>\n<p>Para operar, los due\u00f1os de la estancia debieron haber cumplido con los diversos requisitos del documento Bases para la Subrogaci\u00f3n de Servicios de Guarder\u00eda del Esquema Vecinal, del IMSS. No los cubr\u00edan, pero el 8 de mayo de 2001 se les concedi\u00f3 un permiso por cinco a\u00f1os, y en 2007 otro, a vencer hasta finales de 2009. El 8 de julio de 2005 la Guarder\u00eda ABC fue inspeccionada por Jos\u00e9 Verdugo Ibarra, un arquitecto independiente contratado por el IMSS. En su reporte estableci\u00f3 que, debido a una serie de irregularidades, el inmueble no cumpl\u00eda con los requisitos para garantizar la seguridad de las personas en su interior[3].<\/p>\n<p>Debido a lo anterior, la Comisi\u00f3n Nacional de los Derechos Humanos (CNDH) emiti\u00f3 la recomendaci\u00f3n 49\/2009, que incluy\u00f3 los siguientes puntos[4]:<\/p>\n<p>Recomendaciones al director general del Instituto Mexicano del Seguro Social:<\/p>\n<p>Gire sus instrucciones a efecto de que les brinde la atenci\u00f3n m\u00e9dica, quir\u00fargica, hospitalaria, farmac\u00e9utica, psicol\u00f3gica y de rehabilitaci\u00f3n de por vida a los menores que resultaron lesionados el 5 de junio de 2009 en la Guarder\u00eda ABC, S.C.<br \/>Se tomen las medidas administrativas correspondientes para iniciar o, en su caso, agotar los procedimientos administrativos conducentes, para verificar la manera en que est\u00e1n operando las guarder\u00edas subrogadas y determinar si resulta procedente la continuaci\u00f3n del servicio de guarder\u00edas.<br \/>Recomendaciones al Gobernador Constitucional del Estado de Sonora:<\/p>\n<p>Se dicten los lineamientos administrativos correspondientes a efecto de que todos los bienes inmuebles arrendados o propiedad de cualquier dependencia de la administraci\u00f3n p\u00fablica estatal sean sometidos a una revisi\u00f3n peri\u00f3dica.<br \/>Por otro lado, el Tribunal en Pleno de la Suprema Corte de Justicia de la Naci\u00f3n (SCJN), durante la sesi\u00f3n vespertina del 16 de junio de 2010, determin\u00f3 que el 5 de junio de 2009 en la Guarder\u00eda ABC, resultaron vulneradas las siguientes garant\u00edas[5]:<\/p>\n<p>Los derechos del ni\u00f1o y el principio del inter\u00e9s superior del ni\u00f1o.<br \/>El derecho a la protecci\u00f3n de la vida.<br \/>El derecho a la integridad f\u00edsica<br \/>Derecho a la seguridad social.<br \/>Derecho a la salud.<br \/>En marzo de 2020 entr\u00f3 en vigor un decreto por el que se garantiz\u00f3 atenci\u00f3n m\u00e9dica a las v\u00edctimas, tanto menores, padres, madres y maestras que resultaron lesionados por el incendio de la Guarder\u00eda ABC, amparando a alrededor de 180 personas. La decisi\u00f3n del presidente mexicano implica la entrega de una pensi\u00f3n vitalicia para los menores afectados que \u201ctengan una lesi\u00f3n incapacitante por quemaduras que les impida mantenerse por su propio trabajo\u201d, e incluye a las madres de aquellos menores que perdieron la vida en el incendio[6]. Tambi\u00e9n se\u00f1al\u00f3 el director del Seguro Social que las personas afectadas buscaban certeza jur\u00eddica y por ese motivo se decidi\u00f3 firmar el nuevo decreto con el fin de proteger los derechos humanos por parte del gobierno; es por ello que se garantizar\u00e1 atenci\u00f3n m\u00e9dica a trav\u00e9s del Instituto del Seguro Social a ni\u00f1os, padres, madres, maestros y adultos expuestos a gases t\u00f3xicos producto del incendio[7].<\/p>\n<p>Por su parte, en la misma fecha Arturo Zald\u00edvar, presidente de la Suprema Corte de Justicia, declar\u00f3 que en 2011 present\u00f3 un proyecto para fincar responsabilidades a funcionarios del sector p\u00fablico, pero que fue sujeto de linchamiento medi\u00e1tico y presi\u00f3n del entonces presidente Felipe Calder\u00f3n para detenerlo[8].<\/p>\n<p>Como consecuencia de este terrible acontecimiento, la Secretar\u00eda de Gobernaci\u00f3n, a trav\u00e9s del Comit\u00e9 Consultivo Nacional de Normalizaci\u00f3n sobre Protecci\u00f3n Civil y Prevenci\u00f3n de Desastres, convoc\u00f3 a distintas instituciones p\u00fablicas para elaborar una norma oficial que culmin\u00f3 en la publicaci\u00f3n de la NOM-009-SEGOB-2015, Medidas de previsi\u00f3n, prevenci\u00f3n y mitigaci\u00f3n de riesgos en Centros de Atenci\u00f3n Infantil en la modalidad p\u00fablica, privada y mixta, la cual cuenta con el objetivo de establecer las medidas de seguridad en materia de protecci\u00f3n civil que se deben implementar en los inmuebles o instalaciones destinados a la operaci\u00f3n y funcionamiento de los centros de atenci\u00f3n infantil en la modalidad p\u00fablica, privada y mixta, a fin de ratificar los criterios para normalizar su dise\u00f1o y elaboraci\u00f3n, con el prop\u00f3sito de eliminar pr\u00e1cticas discrecionales en su aplicaci\u00f3n y para facilitar su comprensi\u00f3n[9].<\/p>\n<p>El 26 de mayo de 2021, la Primera Sala de la Suprema Corte de Justicia de la Naci\u00f3n (SCJN) confirm\u00f3 de manera definitiva la responsabilidad por el delito de negligencia de 22 funcionarios locales y federales por la por la muerte de 49 infantes y por lesiones de otros 38 en la Guarder\u00eda ABC, el 5 de junio de 2009.<\/p>\n<p>Asimismo, los ministros que integran la Primera Sala ordenaron a un Tribunal Unitario en Materia Penal con sede en Hermosillo, Sonora, volver a revisar el caso para imponer nuevas penas a los exfuncionarios y particulares que hab\u00edan sido condenados a penas de c\u00e1rcel<\/p>","protected":false},"excerpt":{"rendered":"<div class=\"mh-excerpt\"><p>\u201cLa guarder\u00eda es un ejemplo paradigm\u00e1tico de la situaci\u00f3n de inseguridad, incumplimientos e irregularidades que prevalec\u00edan en pr\u00e1cticamente todas las guarder\u00edas subrogadas por el IMSS <a class=\"mh-excerpt-more\" href=\"https:\/\/interaccioninformativa.mx\/index.php\/2025\/06\/05\/incendio-en-la-guarderia-abc-en-hermosillo-sonora-5-de-junio\/\" title=\"Incendio en la Guarder\u00eda ABC en Hermosillo, Sonora. 5 de junio\">[&#8230;]<\/a><\/p>\n<\/div>","protected":false},"author":1,"featured_media":667,"comment_status":"open","ping_status":"closed","sticky":false,"template":"","format":"standard","meta":{"footnotes":""},"categories":[1],"tags":[],"class_list":["post-665","post","type-post","status-publish","format-standard","has-post-thumbnail","hentry","category-noticias"],"_links":{"self":[{"href":"https:\/\/interaccioninformativa.mx\/index.php\/wp-json\/wp\/v2\/posts\/665","targetHints":{"allow":["GET"]}}],"collection":[{"href":"https:\/\/interaccioninformativa.mx\/index.php\/wp-json\/wp\/v2\/posts"}],"about":[{"href":"https:\/\/interaccioninformativa.mx\/index.php\/wp-json\/wp\/v2\/types\/post"}],"author":[{"embeddable":true,"href":"https:\/\/interaccioninformativa.mx\/index.php\/wp-json\/wp\/v2\/users\/1"}],"replies":[{"embeddable":true,"href":"https:\/\/interaccioninformativa.mx\/index.php\/wp-json\/wp\/v2\/comments?post=665"}],"version-history":[{"count":1,"href":"https:\/\/interaccioninformativa.mx\/index.php\/wp-json\/wp\/v2\/posts\/665\/revisions"}],"predecessor-version":[{"id":668,"href":"https:\/\/interaccioninformativa.mx\/index.php\/wp-json\/wp\/v2\/posts\/665\/revisions\/668"}],"wp:featuredmedia":[{"embeddable":true,"href":"https:\/\/interaccioninformativa.mx\/index.php\/wp-json\/wp\/v2\/media\/667"}],"wp:attachment":[{"href":"https:\/\/interaccioninformativa.mx\/index.php\/wp-json\/wp\/v2\/media?parent=665"}],"wp:term":[{"taxonomy":"category","embeddable":true,"href":"https:\/\/interaccioninformativa.mx\/index.php\/wp-json\/wp\/v2\/categories?post=665"},{"taxonomy":"post_tag","embeddable":true,"href":"https:\/\/interaccioninformativa.mx\/index.php\/wp-json\/wp\/v2\/tags?post=665"}],"curies":[{"name":"wp","href":"https:\/\/api.w.org\/{rel}","templated":true}]}}