{"id":669,"date":"2024-10-31T22:44:00","date_gmt":"2024-10-31T22:44:00","guid":{"rendered":"https:\/\/interaccioninformativa.mx\/?p=669"},"modified":"2025-07-14T22:44:46","modified_gmt":"2025-07-14T22:44:46","slug":"explosion-en-acerera-de-tlaxcala-deja-12-muertos","status":"publish","type":"post","link":"https:\/\/interaccioninformativa.mx\/index.php\/2024\/10\/31\/explosion-en-acerera-de-tlaxcala-deja-12-muertos\/","title":{"rendered":"Explosi\u00f3n en acerera de Tlaxcala deja 12 muertos."},"content":{"rendered":"\n<div class=\"wp-block-media-text is-stacked-on-mobile\"><figure class=\"wp-block-media-text__media\"><img loading=\"lazy\" decoding=\"async\" width=\"1024\" height=\"670\" src=\"https:\/\/interaccioninformativa.mx\/wp-content\/uploads\/2025\/07\/Explosion-en-acerera-de-Tlaxcala-deja-12-muertos-1024x670.png\" alt=\"\" class=\"wp-image-671 size-full\" srcset=\"https:\/\/interaccioninformativa.mx\/wp-content\/uploads\/2025\/07\/Explosion-en-acerera-de-Tlaxcala-deja-12-muertos-1024x670.png 1024w, https:\/\/interaccioninformativa.mx\/wp-content\/uploads\/2025\/07\/Explosion-en-acerera-de-Tlaxcala-deja-12-muertos-300x196.png 300w, https:\/\/interaccioninformativa.mx\/wp-content\/uploads\/2025\/07\/Explosion-en-acerera-de-Tlaxcala-deja-12-muertos-768x503.png 768w, https:\/\/interaccioninformativa.mx\/wp-content\/uploads\/2025\/07\/Explosion-en-acerera-de-Tlaxcala-deja-12-muertos-1536x1005.png 1536w, https:\/\/interaccioninformativa.mx\/wp-content\/uploads\/2025\/07\/Explosion-en-acerera-de-Tlaxcala-deja-12-muertos.png 1956w\" sizes=\"auto, (max-width: 1024px) 100vw, 1024px\" \/><\/figure><div class=\"wp-block-media-text__content\">\n<p>Una explosi\u00f3n en la planta uno de la empresa Grupo Simec, ubicada en el corredor industrial del municipio de Xaloztoc, dej\u00f3 12 obreros fallecidos y uno con quemaduras en 95 por ciento del cuerpo, seg\u00fan el reporte oficial.<\/p>\n<\/div><\/div>\n\n\n<p>El incidente, cuyas causas a\u00fan no se determinan, ocurri\u00f3 alrededor de las 3:15 horas de ayer en una torre de las instalaciones de dicha compa\u00f1\u00eda de capital mexicano, que se dedica a la fabricaci\u00f3n de tubos, varillas y piezas de acero.<\/p>\n<p>De acuerdo con informes de los vecinos, se escuch\u00f3 una fuerte detonaci\u00f3n, que deriv\u00f3 en un incendio que impidi\u00f3 a un grupo de trabajadores salir del \u00e1rea. Llegaron polic\u00edas municipales, as\u00ed como param\u00e9dicos de Xaloztoc y Tzompantepec, como primera respuesta.<\/p>\n<p>Minutos despu\u00e9s se incorporaron integrantes de los cuerpos de bomberos de la Secretar\u00eda de Seguridad Ciudadana y del Centro Regulador de Urgencias M\u00e9dicas de Tlaxcala para combatir el fuego y hacer el trabajo de triage.<\/p>\n<p>En principio, el personal de seguridad de la empresa les neg\u00f3 el acceso, pues argument\u00f3 que sus brigadas ya laboraban en el interior; sin embargo, debido a que no se pod\u00edan controlar las llamas accedi\u00f3 a permitirles la entrada al sitio.<\/p>\n<p>Los fallecidos, originarios de Xaloztoc, Apizaco, Terrenate, Tocatl\u00e1n y Tzompantepec, formaban parte del tercer turno y fueron identificados como Roberto Emmanuel N, Sa\u00fal N, Juan Pablo N, Izael N, Jonathan N, Javier N, Alejandro Ferm\u00edn N, Pedro N, Ignacio N, Juan Manuel N, Brandon N y Leonardo N.<\/p>\n<p>El empleado lesionado se llama Mauricio N y ser\u00eda trasladado a un hospital de tercer nivel para recibir atenci\u00f3n por las quemaduras, dio a conocer el titular de la Secretar\u00eda de Salud estatal, Rigoberto Zamudio Meneses.<\/p>\n<p>Exigen peritaje<\/p>\n<p>El asesor jur\u00eddico de la Confederaci\u00f3n de Trabajadores de M\u00e9xico en Tlaxcala, V\u00edctor L\u00f3pez Hern\u00e1ndez, inform\u00f3 que en el tercer turno prestaban sus servicios 120 trabajadores agremiados a esta central obrera.<\/p>\n<p>Se\u00f1al\u00f3 que la organizaci\u00f3n est\u00e1 pendiente para atender a los deudos y busca establecer contacto con la empresa, ya que pretend\u00edan reanudar las labores de manera normal; sin embargo, pedimos que se haga un peritaje y una revisi\u00f3n exhaustiva para que no haya una contingencia mayor.<\/p>\n<p>De manera preliminar, el gobierno del estado indic\u00f3 que la explosi\u00f3n se suscit\u00f3 en el \u00e1rea donde se realiza el vaciado del acero, el cual entr\u00f3 en contacto con agua, lo que habr\u00eda generado una reacci\u00f3n.<\/p>\n<p>La gobernadora Lorena Cu\u00e9llar Cisneros se traslad\u00f3 hasta el municipio de Xaloztoc, donde precis\u00f3 que la entrega de cuerpos a los familiares tardar\u00e1 de tres a 10 d\u00edas, debido a que se deben hacer pruebas de ADN.<\/p>\n<p>En entrevista colectiva al salir de la presidencia municipal, donde desde temprana hora se instal\u00f3 una mesa de seguridad, detall\u00f3 que la Fiscal\u00eda General de la Rep\u00fablica y la Fiscal\u00eda General de Justicia del Estado hacen las investigaciones para determinar las causas del siniestro.<\/p>\n<p>Refiri\u00f3 que la \u00faltima inspecci\u00f3n federal que se efectu\u00f3 en Simec fue el 12 de abril pasado, y asegur\u00f3 que la Coordinaci\u00f3n Estatal de Protecci\u00f3n Civil tambi\u00e9n ha hecho las diligencias correspondientes.<\/p>\n<p>Puntualiz\u00f3 que si las autoridades federales determinan que el incidente es responsabilidad de la empresa, ellas deber\u00e1n llevar a cabo un proceso y establecer una sanci\u00f3n.<\/p>\n<p>En tanto, deudos anticiparon que presentar\u00e1n una denuncia penal conjunta para que se deslinden responsabilidades. Dijeron que desde semanas atr\u00e1s sus parientes les hab\u00edan comentado que hab\u00eda fallas en la planta y no se hizo nada para corregirlas.<\/p>\n<p>Tambi\u00e9n externaron su desacuerdo con que la empresa pretenda ofrecer s\u00f3lo 120 mil pesos a cada familia: 20 mil para gastos funerarios y el resto de indemnizaci\u00f3n, por lo que advirtieron no firmar\u00e1n ning\u00fan documento hasta que se llegue a las \u00faltimas consecuencias en las indagatorias.<\/p>\n<p>En tanto, a trav\u00e9s de un comunicado enviado a la Bolsa Mexicana de Valores, Grupo Simec asegur\u00f3 que investigar\u00e1 las causas del derrame de acero l\u00edquido.<\/p>","protected":false},"excerpt":{"rendered":"<div class=\"mh-excerpt\"><p>Una explosi\u00f3n en la planta uno de la empresa Grupo Simec, ubicada en el corredor industrial del municipio de Xaloztoc, dej\u00f3 12 obreros fallecidos y <a class=\"mh-excerpt-more\" href=\"https:\/\/interaccioninformativa.mx\/index.php\/2024\/10\/31\/explosion-en-acerera-de-tlaxcala-deja-12-muertos\/\" title=\"Explosi\u00f3n en acerera de Tlaxcala deja 12 muertos.\">[&#8230;]<\/a><\/p>\n<\/div>","protected":false},"author":1,"featured_media":671,"comment_status":"open","ping_status":"closed","sticky":false,"template":"","format":"standard","meta":{"footnotes":""},"categories":[1],"tags":[],"class_list":["post-669","post","type-post","status-publish","format-standard","has-post-thumbnail","hentry","category-noticias"],"_links":{"self":[{"href":"https:\/\/interaccioninformativa.mx\/index.php\/wp-json\/wp\/v2\/posts\/669","targetHints":{"allow":["GET"]}}],"collection":[{"href":"https:\/\/interaccioninformativa.mx\/index.php\/wp-json\/wp\/v2\/posts"}],"about":[{"href":"https:\/\/interaccioninformativa.mx\/index.php\/wp-json\/wp\/v2\/types\/post"}],"author":[{"embeddable":true,"href":"https:\/\/interaccioninformativa.mx\/index.php\/wp-json\/wp\/v2\/users\/1"}],"replies":[{"embeddable":true,"href":"https:\/\/interaccioninformativa.mx\/index.php\/wp-json\/wp\/v2\/comments?post=669"}],"version-history":[{"count":1,"href":"https:\/\/interaccioninformativa.mx\/index.php\/wp-json\/wp\/v2\/posts\/669\/revisions"}],"predecessor-version":[{"id":673,"href":"https:\/\/interaccioninformativa.mx\/index.php\/wp-json\/wp\/v2\/posts\/669\/revisions\/673"}],"wp:featuredmedia":[{"embeddable":true,"href":"https:\/\/interaccioninformativa.mx\/index.php\/wp-json\/wp\/v2\/media\/671"}],"wp:attachment":[{"href":"https:\/\/interaccioninformativa.mx\/index.php\/wp-json\/wp\/v2\/media?parent=669"}],"wp:term":[{"taxonomy":"category","embeddable":true,"href":"https:\/\/interaccioninformativa.mx\/index.php\/wp-json\/wp\/v2\/categories?post=669"},{"taxonomy":"post_tag","embeddable":true,"href":"https:\/\/interaccioninformativa.mx\/index.php\/wp-json\/wp\/v2\/tags?post=669"}],"curies":[{"name":"wp","href":"https:\/\/api.w.org\/{rel}","templated":true}]}}