{"id":688,"date":"2025-04-07T23:01:00","date_gmt":"2025-04-07T23:01:00","guid":{"rendered":"https:\/\/interaccioninformativa.mx\/?p=688"},"modified":"2025-07-14T23:02:50","modified_gmt":"2025-07-14T23:02:50","slug":"mexico-canta-sheinbaum-promueve-concurso-de-musica-mexicana-sin-violencia","status":"publish","type":"post","link":"https:\/\/interaccioninformativa.mx\/index.php\/2025\/04\/07\/mexico-canta-sheinbaum-promueve-concurso-de-musica-mexicana-sin-violencia\/","title":{"rendered":"\u2018M\u00e9xico canta\u2019: Sheinbaum promueve concurso de m\u00fasica mexicana sin violencia"},"content":{"rendered":"\n<div class=\"wp-block-media-text is-stacked-on-mobile\"><figure class=\"wp-block-media-text__media\"><img loading=\"lazy\" decoding=\"async\" width=\"800\" height=\"600\" src=\"https:\/\/interaccioninformativa.mx\/wp-content\/uploads\/2025\/07\/PORTADAS-WEB-1-1.jpg\" alt=\"\" class=\"wp-image-689 size-full\" srcset=\"https:\/\/interaccioninformativa.mx\/wp-content\/uploads\/2025\/07\/PORTADAS-WEB-1-1.jpg 800w, https:\/\/interaccioninformativa.mx\/wp-content\/uploads\/2025\/07\/PORTADAS-WEB-1-1-300x225.jpg 300w, https:\/\/interaccioninformativa.mx\/wp-content\/uploads\/2025\/07\/PORTADAS-WEB-1-1-768x576.jpg 768w\" sizes=\"auto, (max-width: 800px) 100vw, 800px\" \/><\/figure><div class=\"wp-block-media-text__content\">\n<p><em>La presidenta Claudia Sheinbaum dio a conocer el nuevo festival para las juventudes \u2018M\u00e9xico canta\u2019 para promover talento mexicano.<\/em><\/p>\n<\/div><\/div>\n\n\n<p>La presidenta Claudia Sheinbaum present\u00f3 las caracter\u00edsticas del festival \u2018M\u00e9xico canta\u2019 con el objetivo de promover la m\u00fasica mexicana sin contenidos que hagan apolog\u00eda a la violencia y las drogas, como parte de la campa\u00f1a por la paz y contra las adicciones.<\/p>\n<p>&nbsp;<\/p>\n<p>Adem\u00e1s, asegur\u00f3 que impulsar\u00e1 la actividad creativa de la juventud mexicana tanto en el pa\u00eds como en Estados Unidos.<\/p>\n<p>&nbsp;<\/p>\n<p>\u201cLa iniciativa tiene dos objetivos: uno, como lo hab\u00edamos informado, promover la m\u00fasica mexicana sin contenidos que hagan apolog\u00eda de la violencia o las drogas, por lo tanto, es parte de nuestra gran campa\u00f1a por la paz y por las adicciones [\u2026]<\/p>\n<p>&nbsp;<\/p>\n<p>El segundo es traer parte de la industria creativa que hay en Estados Unidos a M\u00e9xico para promover nuestra actividad que parece muy peque\u00f1a, pero que genera much\u00edsimos empleos en Estados Unidos\u201d.<\/p>\n<p>&nbsp;<\/p>\n<p>Por ello, Claudia Curiel de Icaza, secretaria de Cultura, se\u00f1al\u00f3 que el festival va dirigido a mexicanos de 18 a 34 a\u00f1os que vivan en M\u00e9xico o Estados Unidos y promuevan g\u00e9neros tradicionales mexicanos como:<\/p>\n<p>&nbsp;<\/p>\n<p>Mariachi.<br \/>Norte\u00f1o.<br \/>Banda.<br \/>Corrido.<br \/>Tropical.<br \/>Duranguense.<br \/>Campirano.<br \/>Bolero.<br \/>Fusiones entre rap, rock, pop y hip-hop.<\/p>\n<p>Las inscripciones para compositores e int\u00e9rpretes ser\u00e1 del 28 de abril al 30 de mayo a trav\u00e9s del sitio web M\u00e9xico Canta. Las y los aspirantes deber\u00e1n enviar una grabaci\u00f3n de audio o v\u00eddeo, sin necesidad de ocupar equipo profesional.<\/p>\n<p>&nbsp;<\/p>\n<p>Est\u00e1 permitido participar en lenguas originarias, en espa\u00f1ol y espanglish pero las canciones no deber\u00e1n durar m\u00e1s de 3 minutos.<\/p>","protected":false},"excerpt":{"rendered":"<div class=\"mh-excerpt\"><p>La presidenta Claudia Sheinbaum dio a conocer el nuevo festival para las juventudes \u2018M\u00e9xico canta\u2019 para promover talento mexicano. La presidenta Claudia Sheinbaum present\u00f3 las <a class=\"mh-excerpt-more\" href=\"https:\/\/interaccioninformativa.mx\/index.php\/2025\/04\/07\/mexico-canta-sheinbaum-promueve-concurso-de-musica-mexicana-sin-violencia\/\" title=\"\u2018M\u00e9xico canta\u2019: Sheinbaum promueve concurso de m\u00fasica mexicana sin violencia\">[&#8230;]<\/a><\/p>\n<\/div>","protected":false},"author":1,"featured_media":689,"comment_status":"open","ping_status":"closed","sticky":false,"template":"","format":"standard","meta":{"footnotes":""},"categories":[1],"tags":[],"class_list":["post-688","post","type-post","status-publish","format-standard","has-post-thumbnail","hentry","category-noticias"],"_links":{"self":[{"href":"https:\/\/interaccioninformativa.mx\/index.php\/wp-json\/wp\/v2\/posts\/688","targetHints":{"allow":["GET"]}}],"collection":[{"href":"https:\/\/interaccioninformativa.mx\/index.php\/wp-json\/wp\/v2\/posts"}],"about":[{"href":"https:\/\/interaccioninformativa.mx\/index.php\/wp-json\/wp\/v2\/types\/post"}],"author":[{"embeddable":true,"href":"https:\/\/interaccioninformativa.mx\/index.php\/wp-json\/wp\/v2\/users\/1"}],"replies":[{"embeddable":true,"href":"https:\/\/interaccioninformativa.mx\/index.php\/wp-json\/wp\/v2\/comments?post=688"}],"version-history":[{"count":1,"href":"https:\/\/interaccioninformativa.mx\/index.php\/wp-json\/wp\/v2\/posts\/688\/revisions"}],"predecessor-version":[{"id":690,"href":"https:\/\/interaccioninformativa.mx\/index.php\/wp-json\/wp\/v2\/posts\/688\/revisions\/690"}],"wp:featuredmedia":[{"embeddable":true,"href":"https:\/\/interaccioninformativa.mx\/index.php\/wp-json\/wp\/v2\/media\/689"}],"wp:attachment":[{"href":"https:\/\/interaccioninformativa.mx\/index.php\/wp-json\/wp\/v2\/media?parent=688"}],"wp:term":[{"taxonomy":"category","embeddable":true,"href":"https:\/\/interaccioninformativa.mx\/index.php\/wp-json\/wp\/v2\/categories?post=688"},{"taxonomy":"post_tag","embeddable":true,"href":"https:\/\/interaccioninformativa.mx\/index.php\/wp-json\/wp\/v2\/tags?post=688"}],"curies":[{"name":"wp","href":"https:\/\/api.w.org\/{rel}","templated":true}]}}