{"id":691,"date":"2025-07-04T23:04:21","date_gmt":"2025-07-04T23:04:21","guid":{"rendered":"https:\/\/interaccioninformativa.mx\/?p=691"},"modified":"2025-07-14T23:04:38","modified_gmt":"2025-07-14T23:04:38","slug":"mexico-dejo-de-tener-una-policia-nacional-civil-tiene-cuatro-fuerzas-armadas-lisa-sanchez","status":"publish","type":"post","link":"https:\/\/interaccioninformativa.mx\/index.php\/2025\/07\/04\/mexico-dejo-de-tener-una-policia-nacional-civil-tiene-cuatro-fuerzas-armadas-lisa-sanchez\/","title":{"rendered":"M\u00e9xico dej\u00f3 de tener una polic\u00eda nacional civil; tiene cuatro fuerzas armadas: Lisa S\u00e1nchez"},"content":{"rendered":"\n<div class=\"wp-block-media-text is-stacked-on-mobile\"><figure class=\"wp-block-media-text__media\"><img loading=\"lazy\" decoding=\"async\" width=\"1024\" height=\"640\" src=\"https:\/\/interaccioninformativa.mx\/wp-content\/uploads\/2025\/07\/COMENTARIO-EDITORIAL-LISA-SANCHEZ-04072025-1024x640.jpg\" alt=\"\" class=\"wp-image-692 size-full\" srcset=\"https:\/\/interaccioninformativa.mx\/wp-content\/uploads\/2025\/07\/COMENTARIO-EDITORIAL-LISA-SANCHEZ-04072025-1024x640.jpg 1024w, https:\/\/interaccioninformativa.mx\/wp-content\/uploads\/2025\/07\/COMENTARIO-EDITORIAL-LISA-SANCHEZ-04072025-300x188.jpg 300w, https:\/\/interaccioninformativa.mx\/wp-content\/uploads\/2025\/07\/COMENTARIO-EDITORIAL-LISA-SANCHEZ-04072025-768x480.jpg 768w, https:\/\/interaccioninformativa.mx\/wp-content\/uploads\/2025\/07\/COMENTARIO-EDITORIAL-LISA-SANCHEZ-04072025.jpg 1200w\" sizes=\"auto, (max-width: 1024px) 100vw, 1024px\" \/><\/figure><div class=\"wp-block-media-text__content\">\n<p>Lisa S\u00e1nchez Ortega, directora de M\u00e9xico Unido Contra la Delincuencia, advirti\u00f3 en &#8216;Aristegui en Vivo&#8217; que tras el periodo legislativo extraordinario, M\u00e9xico qued\u00f3 con un nuevo orden jur\u00eddico en materia de seguridad que aumenta las capacidades del Estado sin controles adecuados, lo que implica mayor arbitrariedad en su uso. Explic\u00f3 que en las reformas se cumpli\u00f3 el objetivo de militarizar la Guardia Nacional, pero no se regul\u00f3 el uso de las fuerzas armadas en tareas de seguridad p\u00fablica.<\/p>\n<\/div><\/div>\n","protected":false},"excerpt":{"rendered":"<div class=\"mh-excerpt\"><p>Lisa S\u00e1nchez Ortega, directora de M\u00e9xico Unido Contra la Delincuencia, advirti\u00f3 en &#8216;Aristegui en Vivo&#8217; que tras el periodo legislativo extraordinario, M\u00e9xico qued\u00f3 con un <a class=\"mh-excerpt-more\" href=\"https:\/\/interaccioninformativa.mx\/index.php\/2025\/07\/04\/mexico-dejo-de-tener-una-policia-nacional-civil-tiene-cuatro-fuerzas-armadas-lisa-sanchez\/\" title=\"M\u00e9xico dej\u00f3 de tener una polic\u00eda nacional civil; tiene cuatro fuerzas armadas: Lisa S\u00e1nchez\">[&#8230;]<\/a><\/p>\n<\/div>","protected":false},"author":1,"featured_media":692,"comment_status":"open","ping_status":"closed","sticky":false,"template":"","format":"standard","meta":{"footnotes":""},"categories":[1],"tags":[],"class_list":["post-691","post","type-post","status-publish","format-standard","has-post-thumbnail","hentry","category-noticias"],"_links":{"self":[{"href":"https:\/\/interaccioninformativa.mx\/index.php\/wp-json\/wp\/v2\/posts\/691","targetHints":{"allow":["GET"]}}],"collection":[{"href":"https:\/\/interaccioninformativa.mx\/index.php\/wp-json\/wp\/v2\/posts"}],"about":[{"href":"https:\/\/interaccioninformativa.mx\/index.php\/wp-json\/wp\/v2\/types\/post"}],"author":[{"embeddable":true,"href":"https:\/\/interaccioninformativa.mx\/index.php\/wp-json\/wp\/v2\/users\/1"}],"replies":[{"embeddable":true,"href":"https:\/\/interaccioninformativa.mx\/index.php\/wp-json\/wp\/v2\/comments?post=691"}],"version-history":[{"count":1,"href":"https:\/\/interaccioninformativa.mx\/index.php\/wp-json\/wp\/v2\/posts\/691\/revisions"}],"predecessor-version":[{"id":693,"href":"https:\/\/interaccioninformativa.mx\/index.php\/wp-json\/wp\/v2\/posts\/691\/revisions\/693"}],"wp:featuredmedia":[{"embeddable":true,"href":"https:\/\/interaccioninformativa.mx\/index.php\/wp-json\/wp\/v2\/media\/692"}],"wp:attachment":[{"href":"https:\/\/interaccioninformativa.mx\/index.php\/wp-json\/wp\/v2\/media?parent=691"}],"wp:term":[{"taxonomy":"category","embeddable":true,"href":"https:\/\/interaccioninformativa.mx\/index.php\/wp-json\/wp\/v2\/categories?post=691"},{"taxonomy":"post_tag","embeddable":true,"href":"https:\/\/interaccioninformativa.mx\/index.php\/wp-json\/wp\/v2\/tags?post=691"}],"curies":[{"name":"wp","href":"https:\/\/api.w.org\/{rel}","templated":true}]}}