{"id":706,"date":"2025-06-16T23:18:00","date_gmt":"2025-06-16T23:18:00","guid":{"rendered":"https:\/\/interaccioninformativa.mx\/?p=706"},"modified":"2025-07-14T23:18:25","modified_gmt":"2025-07-14T23:18:25","slug":"la-mananera-hoy-16-de-junio-avances-en-programa-de-vivienda-para-el-bienestar-y-mexico-te-abraza-lo-relevante","status":"publish","type":"post","link":"https:\/\/interaccioninformativa.mx\/index.php\/2025\/06\/16\/la-mananera-hoy-16-de-junio-avances-en-programa-de-vivienda-para-el-bienestar-y-mexico-te-abraza-lo-relevante\/","title":{"rendered":"\u2018La Ma\u00f1anera\u2019 hoy 16 de junio | Avances en Programa de Vivienda para el Bienestar y M\u00e9xico te abraza, lo relevante"},"content":{"rendered":"\n<div class=\"wp-block-media-text is-stacked-on-mobile\"><figure class=\"wp-block-media-text__media\"><img loading=\"lazy\" decoding=\"async\" width=\"992\" height=\"660\" src=\"https:\/\/interaccioninformativa.mx\/wp-content\/uploads\/2025\/07\/CZAKKK3GDFAHVPQU4U7TMWWIDU.avif\" alt=\"\" class=\"wp-image-707 size-full\" srcset=\"https:\/\/interaccioninformativa.mx\/wp-content\/uploads\/2025\/07\/CZAKKK3GDFAHVPQU4U7TMWWIDU.avif 992w, https:\/\/interaccioninformativa.mx\/wp-content\/uploads\/2025\/07\/CZAKKK3GDFAHVPQU4U7TMWWIDU-300x200.avif 300w, https:\/\/interaccioninformativa.mx\/wp-content\/uploads\/2025\/07\/CZAKKK3GDFAHVPQU4U7TMWWIDU-768x511.avif 768w\" sizes=\"auto, (max-width: 992px) 100vw, 992px\" \/><\/figure><div class=\"wp-block-media-text__content\">\n<p>Las conferencias de este lunes y martes estar\u00e1n encabezadas por la secretaria de Gobernaci\u00f3n, Rosa Icela Rodr\u00edguez Vel\u00e1zquez; la presidenta Claudia Sheinbaum asisti\u00f3 a la 51\u00aa Cumbre del G7 en Calgary, Alberta, Canad\u00e1<\/p>\n<\/div><\/div>\n\n\n<p>Humanismo mexicano<br \/>La conferencia de este lunes concluy\u00f3 con la c\u00e1psula \u201cHumanismo mexicano\u201d, dedicada a la imagen de Francisco Villa y su importancia para el devenir revolucionario.<\/p>\n<p>Validez de la Elecci\u00f3n Judicial<br \/>La secretaria de Gobernaci\u00f3n, Rosa Icela Rodr\u00edguez, destac\u00f3 la relevancia institucional y simb\u00f3lica de la oficializaci\u00f3n de los resultados de la elecci\u00f3n judicial. Al subrayar que este acto \u201cdio validez al proceso\u201d, apunt\u00f3 a la legitimaci\u00f3n formal y social del ejercicio democr\u00e1tico, reforzando la confianza en las autoridades electorales y en la participaci\u00f3n ciudadana.<\/p>\n<p><br \/>\u201cM\u00e9xico te abraza\u201d<br \/>El subsecretario de Derechos Humanos, Poblaci\u00f3n y Migraci\u00f3n, F\u00e9lix Arturo Medina Padilla, present\u00f3 los avances de la estrategia y explic\u00f3 que se reubicar\u00e1 el centro de repatriaci\u00f3n de connacionales de Nuevo Le\u00f3n a Villahermosa, Tabasco. Se han recibido a m\u00e1s de 24 mil repatriados, como parte de la iniciativa de recepci\u00f3n \u201cM\u00e9xico te abraza\u201d.<\/p>\n<p>Reiter\u00f3 que, con su trabajo, los connacionales son parte fundamental de la econom\u00eda me M\u00e9xico y Estados Unidos.<\/p>\n<p>Avances en programas de Infonavit<br \/>El director general del Instituto del Fondo Nacional de la Vivienda para los Trabajadores (Infonavit), Octavio Romero Oropeza, dio avances de los programas del Infonavit. Record\u00f3 que ser\u00e1n 4 millones 155 mil beneficiarios. De estos, 915 mil ya han sido beneficiados.<\/p>\n<p>\u201cLos cr\u00e9ditos impagables se van a restituir y nadie va a perder su casa\u201d, asegur\u00f3.<\/p>\n<p>Romero Oropeza puntualiz\u00f3 que, hasta el 13 de junio, se hab\u00edan censado 168 mil viviendas. De estas, 145 mil estaban habitadas. 23 mil, deshabitadas o vandalizadas.<\/p>\n<p><br \/>Avances para personas derechohabientes<br \/>La vocal ejecutiva del Fondo de la Vivienda del Instituto de Seguridad y Servicios Sociales de los Trabajadores del Estado (Fovissste), Jabnely Maldonado Meza, coment\u00f3 que las personas jubiladas y pensionadas mayores de 60 a\u00f1os pueden acceder a beneficios, como liquidaci\u00f3n de su cr\u00e9dito, condonaci\u00f3n de intereses, quitas y ajustes en pagos.<\/p>\n<p>Destac\u00f3 el cr\u00e9dito T\u00fa Construyes, que implica simplificaci\u00f3n de tr\u00e1mites y procesos, ahorro en la gesti\u00f3n de proyectos, incorporaci\u00f3n de terrenos de tenencia social, ampliaci\u00f3n de soluciones de vivienda, lo que implica un ahorro inicial para la persona derechohabiente de 48 mil 300 hasta 95 mil 460 pesos, aproximadamente.<\/p>\n<p>Regularizaci\u00f3n de la tenencia de la tierra<br \/>El titular del Instituto Nacional del Suelo Sustentable (INSUS), Jos\u00e9 Alfonso Iracheta Carroll se refiri\u00f3 a los avances en materia de regularizaci\u00f3n de la tenencia de la tierra. Explic\u00f3 que del mill\u00f3n de escrituras que se tienen previstas, 700 mil le corresponden directamente al INSUS; el resto, a las instituciones que tienen que ver con la vivienda.<\/p>\n<p>Rememor\u00f3 que las escrituras que se prev\u00e9n para 2025 son 120 mil. Sin embargo, destac\u00f3 que hay un avance de 140%, por lo que ya se rebas\u00f3 la meta, con 133 mil.<\/p>\n<p>&nbsp;<\/p>\n<p>&nbsp;<\/p>","protected":false},"excerpt":{"rendered":"<div class=\"mh-excerpt\"><p>Las conferencias de este lunes y martes estar\u00e1n encabezadas por la secretaria de Gobernaci\u00f3n, Rosa Icela Rodr\u00edguez Vel\u00e1zquez; la presidenta Claudia Sheinbaum asisti\u00f3 a la <a class=\"mh-excerpt-more\" href=\"https:\/\/interaccioninformativa.mx\/index.php\/2025\/06\/16\/la-mananera-hoy-16-de-junio-avances-en-programa-de-vivienda-para-el-bienestar-y-mexico-te-abraza-lo-relevante\/\" title=\"\u2018La Ma\u00f1anera\u2019 hoy 16 de junio | Avances en Programa de Vivienda para el Bienestar y M\u00e9xico te abraza, lo relevante\">[&#8230;]<\/a><\/p>\n<\/div>","protected":false},"author":1,"featured_media":707,"comment_status":"open","ping_status":"closed","sticky":false,"template":"","format":"standard","meta":{"footnotes":""},"categories":[1],"tags":[],"class_list":["post-706","post","type-post","status-publish","format-standard","has-post-thumbnail","hentry","category-noticias"],"_links":{"self":[{"href":"https:\/\/interaccioninformativa.mx\/index.php\/wp-json\/wp\/v2\/posts\/706","targetHints":{"allow":["GET"]}}],"collection":[{"href":"https:\/\/interaccioninformativa.mx\/index.php\/wp-json\/wp\/v2\/posts"}],"about":[{"href":"https:\/\/interaccioninformativa.mx\/index.php\/wp-json\/wp\/v2\/types\/post"}],"author":[{"embeddable":true,"href":"https:\/\/interaccioninformativa.mx\/index.php\/wp-json\/wp\/v2\/users\/1"}],"replies":[{"embeddable":true,"href":"https:\/\/interaccioninformativa.mx\/index.php\/wp-json\/wp\/v2\/comments?post=706"}],"version-history":[{"count":1,"href":"https:\/\/interaccioninformativa.mx\/index.php\/wp-json\/wp\/v2\/posts\/706\/revisions"}],"predecessor-version":[{"id":708,"href":"https:\/\/interaccioninformativa.mx\/index.php\/wp-json\/wp\/v2\/posts\/706\/revisions\/708"}],"wp:featuredmedia":[{"embeddable":true,"href":"https:\/\/interaccioninformativa.mx\/index.php\/wp-json\/wp\/v2\/media\/707"}],"wp:attachment":[{"href":"https:\/\/interaccioninformativa.mx\/index.php\/wp-json\/wp\/v2\/media?parent=706"}],"wp:term":[{"taxonomy":"category","embeddable":true,"href":"https:\/\/interaccioninformativa.mx\/index.php\/wp-json\/wp\/v2\/categories?post=706"},{"taxonomy":"post_tag","embeddable":true,"href":"https:\/\/interaccioninformativa.mx\/index.php\/wp-json\/wp\/v2\/tags?post=706"}],"curies":[{"name":"wp","href":"https:\/\/api.w.org\/{rel}","templated":true}]}}