{"id":709,"date":"2025-05-21T23:21:00","date_gmt":"2025-05-21T23:21:00","guid":{"rendered":"https:\/\/interaccioninformativa.mx\/?p=709"},"modified":"2025-07-14T23:21:46","modified_gmt":"2025-07-14T23:21:46","slug":"como-el-asesinato-de-altos-cargos-de-ciudad-de-mexico-atenta-contra-la-imagen-de-oasis-seguro-de-la-capital-y-el-impacto-en-la-presidenta-sheinbaum","status":"publish","type":"post","link":"https:\/\/interaccioninformativa.mx\/index.php\/2025\/05\/21\/como-el-asesinato-de-altos-cargos-de-ciudad-de-mexico-atenta-contra-la-imagen-de-oasis-seguro-de-la-capital-y-el-impacto-en-la-presidenta-sheinbaum\/","title":{"rendered":"C\u00f3mo el asesinato de altos cargos de Ciudad de M\u00e9xico atenta contra\u00a0la imagen de oasis seguro de la capital (y el impacto en la presidenta Sheinbaum)"},"content":{"rendered":"\n<div class=\"wp-block-media-text is-stacked-on-mobile\"><figure class=\"wp-block-media-text__media\"><img loading=\"lazy\" decoding=\"async\" width=\"800\" height=\"450\" src=\"https:\/\/interaccioninformativa.mx\/wp-content\/uploads\/2025\/07\/a98b0190-3648-11f0-8185-6772e52c97ad.jpg.webp\" alt=\"\" class=\"wp-image-710 size-full\" srcset=\"https:\/\/interaccioninformativa.mx\/wp-content\/uploads\/2025\/07\/a98b0190-3648-11f0-8185-6772e52c97ad.jpg.webp 800w, https:\/\/interaccioninformativa.mx\/wp-content\/uploads\/2025\/07\/a98b0190-3648-11f0-8185-6772e52c97ad.jpg-300x169.webp 300w, https:\/\/interaccioninformativa.mx\/wp-content\/uploads\/2025\/07\/a98b0190-3648-11f0-8185-6772e52c97ad.jpg-768x432.webp 768w\" sizes=\"auto, (max-width: 800px) 100vw, 800px\" \/><\/figure><div class=\"wp-block-media-text__content\">\n<p><strong>Claudia Sheinbaum estaba dando su conferencia de prensa este martes cuando su secretario de Seguridad, Omar Garc\u00eda Harfuch, se le acerc\u00f3 y le dio la tr\u00e1gica noticia en un susurro: dos altos funcionarios de la alcald\u00eda de Ciudad de M\u00e9xico acababan de ser asesinados.<\/strong><\/p>\n<\/div><\/div>\n\n\n<p>Hace cinco a\u00f1os, cuando Sheinbaum presid\u00eda la capital, Harfuch, que era su ficha en la lucha contra la inseguridad, sufri\u00f3 un atentado tambi\u00e9n a la luz del d\u00eda.<\/p>\n<p>El secretario y expolic\u00eda se salv\u00f3 milagrosamente, pese a que recibi\u00f3 un disparo. Dos de sus escoltas murieron en un atentado perpetrado por 28 sicarios que luego fueron vinculados al Cartel de Jalisco Nueva Generaci\u00f3n.<\/p>\n<p>As\u00ed, la presencia de Harfuch en la Ma\u00f1anera, donde estaba justo para dar a conocer los alentadores resultados de la cartera de Seguridad, termin\u00f3 por darle al asesinato de Ximena Guzm\u00e1n y Jos\u00e9 Mu\u00f1oz \u2014secretaria particular y asesor de gobierno de la alcaldesa de Ciudad de M\u00e9xico, Clara Brugada\u2014 un simbolismo adicional.<\/p>\n<p>Porque el atentado, ejecutado por un sicario en una avenida principal del sur capitalino, no solo es un golpe contra la estrategia de seguridad de Brugada, sino contra la imagen creada por Sheinbaum y Harfuch de CDMX como un oasis en el pa\u00eds violento que ahora dirigen.<\/p>","protected":false},"excerpt":{"rendered":"<div class=\"mh-excerpt\"><p>Claudia Sheinbaum estaba dando su conferencia de prensa este martes cuando su secretario de Seguridad, Omar Garc\u00eda Harfuch, se le acerc\u00f3 y le dio la <a class=\"mh-excerpt-more\" href=\"https:\/\/interaccioninformativa.mx\/index.php\/2025\/05\/21\/como-el-asesinato-de-altos-cargos-de-ciudad-de-mexico-atenta-contra-la-imagen-de-oasis-seguro-de-la-capital-y-el-impacto-en-la-presidenta-sheinbaum\/\" title=\"C\u00f3mo el asesinato de altos cargos de Ciudad de M\u00e9xico atenta contra\u00a0la imagen de oasis seguro de la capital (y el impacto en la presidenta Sheinbaum)\">[&#8230;]<\/a><\/p>\n<\/div>","protected":false},"author":1,"featured_media":710,"comment_status":"open","ping_status":"closed","sticky":false,"template":"","format":"standard","meta":{"footnotes":""},"categories":[1],"tags":[],"class_list":["post-709","post","type-post","status-publish","format-standard","has-post-thumbnail","hentry","category-noticias"],"_links":{"self":[{"href":"https:\/\/interaccioninformativa.mx\/index.php\/wp-json\/wp\/v2\/posts\/709","targetHints":{"allow":["GET"]}}],"collection":[{"href":"https:\/\/interaccioninformativa.mx\/index.php\/wp-json\/wp\/v2\/posts"}],"about":[{"href":"https:\/\/interaccioninformativa.mx\/index.php\/wp-json\/wp\/v2\/types\/post"}],"author":[{"embeddable":true,"href":"https:\/\/interaccioninformativa.mx\/index.php\/wp-json\/wp\/v2\/users\/1"}],"replies":[{"embeddable":true,"href":"https:\/\/interaccioninformativa.mx\/index.php\/wp-json\/wp\/v2\/comments?post=709"}],"version-history":[{"count":1,"href":"https:\/\/interaccioninformativa.mx\/index.php\/wp-json\/wp\/v2\/posts\/709\/revisions"}],"predecessor-version":[{"id":711,"href":"https:\/\/interaccioninformativa.mx\/index.php\/wp-json\/wp\/v2\/posts\/709\/revisions\/711"}],"wp:featuredmedia":[{"embeddable":true,"href":"https:\/\/interaccioninformativa.mx\/index.php\/wp-json\/wp\/v2\/media\/710"}],"wp:attachment":[{"href":"https:\/\/interaccioninformativa.mx\/index.php\/wp-json\/wp\/v2\/media?parent=709"}],"wp:term":[{"taxonomy":"category","embeddable":true,"href":"https:\/\/interaccioninformativa.mx\/index.php\/wp-json\/wp\/v2\/categories?post=709"},{"taxonomy":"post_tag","embeddable":true,"href":"https:\/\/interaccioninformativa.mx\/index.php\/wp-json\/wp\/v2\/tags?post=709"}],"curies":[{"name":"wp","href":"https:\/\/api.w.org\/{rel}","templated":true}]}}