{"id":712,"date":"2025-06-14T23:24:00","date_gmt":"2025-06-14T23:24:00","guid":{"rendered":"https:\/\/interaccioninformativa.mx\/?p=712"},"modified":"2025-07-14T23:27:53","modified_gmt":"2025-07-14T23:27:53","slug":"campesinos-e-indigenas-de-mexico-siembran-maiz-nativo","status":"publish","type":"post","link":"https:\/\/interaccioninformativa.mx\/index.php\/2025\/06\/14\/campesinos-e-indigenas-de-mexico-siembran-maiz-nativo\/","title":{"rendered":"Campesinos e ind\u00edgenas de M\u00e9xico siembran ma\u00edz nativo"},"content":{"rendered":"\n<div class=\"wp-block-media-text is-stacked-on-mobile\"><figure class=\"wp-block-media-text__media\"><img loading=\"lazy\" decoding=\"async\" width=\"722\" height=\"482\" src=\"https:\/\/interaccioninformativa.mx\/wp-content\/uploads\/2025\/07\/240525-COUTTOLENC-Conversatorio-maiz-1-100k.jpg\" alt=\"\" class=\"wp-image-713 size-full\" srcset=\"https:\/\/interaccioninformativa.mx\/wp-content\/uploads\/2025\/07\/240525-COUTTOLENC-Conversatorio-maiz-1-100k.jpg 722w, https:\/\/interaccioninformativa.mx\/wp-content\/uploads\/2025\/07\/240525-COUTTOLENC-Conversatorio-maiz-1-100k-300x200.jpg 300w\" sizes=\"auto, (max-width: 722px) 100vw, 722px\" \/><\/figure><div class=\"wp-block-media-text__content\">\n<p><em>Cerca de dos millones realizan esta tarea;\u00a0<\/em><em>el reto que se tiene, como pueblo, es mantener la cultura que hay a su alrededor\u00a0<\/em>\u00a0<\/p>\n\n\n\n<p><em>La gram\u00ednea y la milpa son elaboraciones culturales de amplio significado y profundidad, expresaron Eckart Boege Schmidt y Miguel \u00c1ngel Escalona Aguilar<\/em>\u00a0<\/p>\n\n\n\n<p><em>Los especialistas participaron en conversatorio dentro de las actividades de la FILU<\/em>\u00a0<\/p>\n<\/div><\/div>\n\n\n\n<div class=\"wp-block-media-text is-stacked-on-mobile\"><figure class=\"wp-block-media-text__media\"><img loading=\"lazy\" decoding=\"async\" width=\"722\" height=\"482\" src=\"https:\/\/interaccioninformativa.mx\/wp-content\/uploads\/2025\/07\/40525-COUTTOLENC-Conversatorio-maiz-2-100k.jpg\" alt=\"\" class=\"wp-image-714 size-full\" srcset=\"https:\/\/interaccioninformativa.mx\/wp-content\/uploads\/2025\/07\/40525-COUTTOLENC-Conversatorio-maiz-2-100k.jpg 722w, https:\/\/interaccioninformativa.mx\/wp-content\/uploads\/2025\/07\/40525-COUTTOLENC-Conversatorio-maiz-2-100k-300x200.jpg 300w\" sizes=\"auto, (max-width: 722px) 100vw, 722px\" \/><\/figure><div class=\"wp-block-media-text__content\">\n<p>240525-Xalapa, Ver.- Desde hace a\u00f1os se han multiplicado los esfuerzos para reafirmar la importancia del ma\u00edz y la milpa, elaboraciones culturales de amplio significado y profundidad, de una vasta riqueza humana, ritual, ambiental, cient\u00edfica, territorial, social, econ\u00f3mica, pol\u00edtica y literaria, coincidieron en se\u00f1alar Eckart Boege Schmidt y Miguel \u00c1ngel Escalona Aguilar.<\/p>\n\n\n\n<p>El Investigador jubilado del Instituto Nacional de Antropolog\u00eda e Historia (INAH) y el acad\u00e9mico de la Facultad de Ciencias Agr\u00edcolas de la Universidad Veracruzana (UV), respectivamente, participaron en el conversatorio \u201cMilpa. Pueblo de ma\u00edz; Diversidad y patrimonio biocultural de M\u00e9xico\u201d, basando su charla en el libro del mismo nombre, y que tuvo como marco la Feria Internacional del Libro Universitario (FILU).<\/p>\n\n\n\n<p>En el auditorio de la Universidad Veracruzana Intercultural (UV Intercultural), Boege Schmidt dijo que la obra se\u00f1ala el mito de que fuimos hechos de ma\u00edz, y la historia demuestra que la continuidad de la existencia fue posible gracias a la milpa; adem\u00e1s, agreg\u00f3, el libro cobr\u00f3 importancia ante la controversia que sostuvieron M\u00e9xico y los Estados Unidos por el tema del ma\u00edz transg\u00e9nico, \u201cy que perdimos por diferentes factores\u201d.<\/p>\n<\/div><\/div>\n","protected":false},"excerpt":{"rendered":"<div class=\"mh-excerpt\"><p>Cerca de dos millones realizan esta tarea;\u00a0el reto que se tiene, como pueblo, es mantener la cultura que hay a su alrededor\u00a0\u00a0 La gram\u00ednea y <a class=\"mh-excerpt-more\" href=\"https:\/\/interaccioninformativa.mx\/index.php\/2025\/06\/14\/campesinos-e-indigenas-de-mexico-siembran-maiz-nativo\/\" title=\"Campesinos e ind\u00edgenas de M\u00e9xico siembran ma\u00edz nativo\">[&#8230;]<\/a><\/p>\n<\/div>","protected":false},"author":1,"featured_media":713,"comment_status":"open","ping_status":"closed","sticky":false,"template":"","format":"standard","meta":{"footnotes":""},"categories":[1],"tags":[],"class_list":["post-712","post","type-post","status-publish","format-standard","has-post-thumbnail","hentry","category-noticias"],"_links":{"self":[{"href":"https:\/\/interaccioninformativa.mx\/index.php\/wp-json\/wp\/v2\/posts\/712","targetHints":{"allow":["GET"]}}],"collection":[{"href":"https:\/\/interaccioninformativa.mx\/index.php\/wp-json\/wp\/v2\/posts"}],"about":[{"href":"https:\/\/interaccioninformativa.mx\/index.php\/wp-json\/wp\/v2\/types\/post"}],"author":[{"embeddable":true,"href":"https:\/\/interaccioninformativa.mx\/index.php\/wp-json\/wp\/v2\/users\/1"}],"replies":[{"embeddable":true,"href":"https:\/\/interaccioninformativa.mx\/index.php\/wp-json\/wp\/v2\/comments?post=712"}],"version-history":[{"count":1,"href":"https:\/\/interaccioninformativa.mx\/index.php\/wp-json\/wp\/v2\/posts\/712\/revisions"}],"predecessor-version":[{"id":715,"href":"https:\/\/interaccioninformativa.mx\/index.php\/wp-json\/wp\/v2\/posts\/712\/revisions\/715"}],"wp:featuredmedia":[{"embeddable":true,"href":"https:\/\/interaccioninformativa.mx\/index.php\/wp-json\/wp\/v2\/media\/713"}],"wp:attachment":[{"href":"https:\/\/interaccioninformativa.mx\/index.php\/wp-json\/wp\/v2\/media?parent=712"}],"wp:term":[{"taxonomy":"category","embeddable":true,"href":"https:\/\/interaccioninformativa.mx\/index.php\/wp-json\/wp\/v2\/categories?post=712"},{"taxonomy":"post_tag","embeddable":true,"href":"https:\/\/interaccioninformativa.mx\/index.php\/wp-json\/wp\/v2\/tags?post=712"}],"curies":[{"name":"wp","href":"https:\/\/api.w.org\/{rel}","templated":true}]}}