{"id":725,"date":"2025-03-19T23:40:00","date_gmt":"2025-03-19T23:40:00","guid":{"rendered":"https:\/\/interaccioninformativa.mx\/?p=725"},"modified":"2025-07-14T23:42:18","modified_gmt":"2025-07-14T23:42:18","slug":"ambulante-2025-un-oleaje-de-documentales-en-mexico","status":"publish","type":"post","link":"https:\/\/interaccioninformativa.mx\/index.php\/2025\/03\/19\/ambulante-2025-un-oleaje-de-documentales-en-mexico\/","title":{"rendered":"Ambulante 2025: un oleaje de documentales en M\u00e9xico"},"content":{"rendered":"\n<div class=\"wp-block-media-text is-stacked-on-mobile\"><figure class=\"wp-block-media-text__media\"><img loading=\"lazy\" decoding=\"async\" width=\"800\" height=\"600\" src=\"https:\/\/interaccioninformativa.mx\/wp-content\/uploads\/2025\/07\/1-11.jpg\" alt=\"\" class=\"wp-image-726 size-full\" srcset=\"https:\/\/interaccioninformativa.mx\/wp-content\/uploads\/2025\/07\/1-11.jpg 800w, https:\/\/interaccioninformativa.mx\/wp-content\/uploads\/2025\/07\/1-11-300x225.jpg 300w, https:\/\/interaccioninformativa.mx\/wp-content\/uploads\/2025\/07\/1-11-768x576.jpg 768w\" sizes=\"auto, (max-width: 800px) 100vw, 800px\" \/><\/figure><div class=\"wp-block-media-text__content\">\n<p><em>Ambulante 2025 est\u00e1 de regreso y, en esta ocasi\u00f3n, llegar\u00e1 a cinco estados del pa\u00eds. Adem\u00e1s, el concepto de este a\u00f1o ser\u00e1n los \u201coleajes\u201d<\/em><\/p>\n<\/div><\/div>\n\n\n<p>Ambulante celebra su vig\u00e9sima gira de documentales con una oferta cultural de cinco estados del pa\u00eds: Ciudad de M\u00e9xico, Baja California, Quer\u00e9taro, Veracruz y Yucat\u00e1n.<\/p>\n<p>&nbsp;<\/p>\n<p>Adem\u00e1s, de crear espacios de encuentro donde las comunidades puedan mirar, cuestionar y dialogar. Esta edici\u00f3n llega con el concepto de \u201coleajes\u201d utilizando la met\u00e1fora del mar para representar los cambios hist\u00f3ricos, pol\u00edticos y culturales.<\/p>\n<p>&nbsp;<\/p>\n<p>Ambulante 2025 se llevar\u00e1 a cabo del 3 de abril al 12 de junio y la inauguraci\u00f3n ser\u00e1 en el Teatro de la Ciudad en el Centro Hist\u00f3rico.<\/p>\n<p>Este festival en su vig\u00e9sima edici\u00f3n contar\u00e1 con 136 proyecciones y 86 actividades especiales. De las cuales, del 2 de abril al 12 de junio en la Rep\u00fablica Mexicana.<\/p>\n<p>&nbsp;<\/p>\n<p>Por ejemplo, CDMX, del 3 al 10 de abril; Baja California, del 02 al 09 de mayo; Quer\u00e9taro, del 15 al 22 de mayo; Veracruz, del 22 al 29 de mayo; y Yucat\u00e1n, del 05 al 12 de junio. Al respecto, el equipo de programaci\u00f3n de ambulante expres\u00f3 que todos tienen historias que contar.<\/p>\n<p>&nbsp;<\/p>\n<p>\u201cEstas historias reflejan nuestra naturaleza: somos seres en movimiento, con mareas altas y bajas que nos llevan a conocer nuevos horizontes. Algunas veces, nos resistimos al cambio; otras, nos dejamos llevar por \u00e9l con la certeza de que trae consigo algo nuevo por descubrir\u201d<\/p>\n<p>&nbsp;<\/p>\n<p>Por su parte, Itzel Mart\u00ednez del Ca\u00f1izo, directora general Ambulante, en la inauguraci\u00f3n compartir\u00eda lo siguiente:<\/p>\n<p>&nbsp;<\/p>\n<p>\u201c20 a\u00f1os son muy emocionantes, es parte importante de nuestra vida, Para ambulante estos 20 a\u00f1os han marcado un antes y un despu\u00e9s.\u201d<\/p>\n<p>&nbsp;<\/p>","protected":false},"excerpt":{"rendered":"<div class=\"mh-excerpt\"><p>Ambulante 2025 est\u00e1 de regreso y, en esta ocasi\u00f3n, llegar\u00e1 a cinco estados del pa\u00eds. Adem\u00e1s, el concepto de este a\u00f1o ser\u00e1n los \u201coleajes\u201d Ambulante <a class=\"mh-excerpt-more\" href=\"https:\/\/interaccioninformativa.mx\/index.php\/2025\/03\/19\/ambulante-2025-un-oleaje-de-documentales-en-mexico\/\" title=\"Ambulante 2025: un oleaje de documentales en M\u00e9xico\">[&#8230;]<\/a><\/p>\n<\/div>","protected":false},"author":1,"featured_media":726,"comment_status":"open","ping_status":"closed","sticky":false,"template":"","format":"standard","meta":{"footnotes":""},"categories":[1],"tags":[],"class_list":["post-725","post","type-post","status-publish","format-standard","has-post-thumbnail","hentry","category-noticias"],"_links":{"self":[{"href":"https:\/\/interaccioninformativa.mx\/index.php\/wp-json\/wp\/v2\/posts\/725","targetHints":{"allow":["GET"]}}],"collection":[{"href":"https:\/\/interaccioninformativa.mx\/index.php\/wp-json\/wp\/v2\/posts"}],"about":[{"href":"https:\/\/interaccioninformativa.mx\/index.php\/wp-json\/wp\/v2\/types\/post"}],"author":[{"embeddable":true,"href":"https:\/\/interaccioninformativa.mx\/index.php\/wp-json\/wp\/v2\/users\/1"}],"replies":[{"embeddable":true,"href":"https:\/\/interaccioninformativa.mx\/index.php\/wp-json\/wp\/v2\/comments?post=725"}],"version-history":[{"count":1,"href":"https:\/\/interaccioninformativa.mx\/index.php\/wp-json\/wp\/v2\/posts\/725\/revisions"}],"predecessor-version":[{"id":727,"href":"https:\/\/interaccioninformativa.mx\/index.php\/wp-json\/wp\/v2\/posts\/725\/revisions\/727"}],"wp:featuredmedia":[{"embeddable":true,"href":"https:\/\/interaccioninformativa.mx\/index.php\/wp-json\/wp\/v2\/media\/726"}],"wp:attachment":[{"href":"https:\/\/interaccioninformativa.mx\/index.php\/wp-json\/wp\/v2\/media?parent=725"}],"wp:term":[{"taxonomy":"category","embeddable":true,"href":"https:\/\/interaccioninformativa.mx\/index.php\/wp-json\/wp\/v2\/categories?post=725"},{"taxonomy":"post_tag","embeddable":true,"href":"https:\/\/interaccioninformativa.mx\/index.php\/wp-json\/wp\/v2\/tags?post=725"}],"curies":[{"name":"wp","href":"https:\/\/api.w.org\/{rel}","templated":true}]}}