{"id":728,"date":"2025-01-29T23:47:00","date_gmt":"2025-01-29T23:47:00","guid":{"rendered":"https:\/\/interaccioninformativa.mx\/?p=728"},"modified":"2025-07-14T23:49:21","modified_gmt":"2025-07-14T23:49:21","slug":"unam-busca-potenciar-ciencia-cuantica-en-mexico-con-secihti","status":"publish","type":"post","link":"https:\/\/interaccioninformativa.mx\/index.php\/2025\/01\/29\/unam-busca-potenciar-ciencia-cuantica-en-mexico-con-secihti\/","title":{"rendered":"UNAM busca potenciar ciencia cu\u00e1ntica en M\u00e9xico con\u00a0SECIHTI"},"content":{"rendered":"\n<div class=\"wp-block-media-text is-stacked-on-mobile\"><figure class=\"wp-block-media-text__media\"><img loading=\"lazy\" decoding=\"async\" width=\"800\" height=\"600\" src=\"https:\/\/interaccioninformativa.mx\/wp-content\/uploads\/2025\/07\/UNAM-ciencia-cuantica-Mexico-SEHCITI.jpg\" alt=\"\" class=\"wp-image-729 size-full\" srcset=\"https:\/\/interaccioninformativa.mx\/wp-content\/uploads\/2025\/07\/UNAM-ciencia-cuantica-Mexico-SEHCITI.jpg 800w, https:\/\/interaccioninformativa.mx\/wp-content\/uploads\/2025\/07\/UNAM-ciencia-cuantica-Mexico-SEHCITI-300x225.jpg 300w, https:\/\/interaccioninformativa.mx\/wp-content\/uploads\/2025\/07\/UNAM-ciencia-cuantica-Mexico-SEHCITI-768x576.jpg 768w\" sizes=\"auto, (max-width: 800px) 100vw, 800px\" \/><\/figure><div class=\"wp-block-media-text__content\">\n<p>A 100 a\u00f1os de que la humanidad lograra entender c\u00f3mo funciona la luz con fotones y la existencia de radiaci\u00f3n electromagn\u00e9tica, gracias a la investigaci\u00f3n de Max Planck, la Universidad Nacional Aut\u00f3noma de M\u00e9xico (UNAM) est\u00e1 lista y preparada para empezar a colaborar de la mano de la nueva Secretar\u00eda de Ciencia, Humanidades, Tecnolog\u00eda e Innovaci\u00f3n (SEHCITI) para ayudar a resolver los problemas del pa\u00eds usando ciencia.<\/p>\n<\/div><\/div>\n\n\n<p>De acuerdo con la doctora Mercedes Rodr\u00edguez Villafuerte, directora del Instituto de F\u00edsica, en la UNAM cuentan con el personal y el equipo necesarios para ayudar a M\u00e9xico:<\/p>\n<p>&nbsp;<\/p>\n<p>\u201cHay proyectos que consideramos muy relevantes, con la intenci\u00f3n de dirigirlos a resolver problemas nacionales. La UNAM tiene todo el potencial, no solamente humano, sino tambi\u00e9n de infraestructura a trav\u00e9s de sus diferentes laboratorios. Tenemos la capacidad de poder colaborar (\u2026), incluir a otras instituciones educativas o de investigaci\u00f3n, en el extranjero, o a nivel nacional. Es toda nuestra intenci\u00f3n tratar de acercarnos, o de colaborar directamente con la Secretar\u00eda y tratar de resolver problemas reales\u201d.<\/p>\n<p>&nbsp;<\/p>\n<p>Ciencia y tecnolog\u00edas aplicadas para tu vida diaria<\/p>\n<p>Durante la conferencia QUANTUM@UNAM 2025: 100 a\u00f1os de la revoluci\u00f3n cu\u00e1ntica que cambi\u00f3 nuestras vidas, Alfred Barry U\u2019Ren Cort\u00e9s, doctor y director del Instituto de Ciencias Nucleares, adelant\u00f3 que la administraci\u00f3n de la presidenta y tambi\u00e9n f\u00edsica Claudia Sheinbaum se encuentra muy interesada en impulsar ciencia y tecnolog\u00eda aplicadas a distintos \u00e1mbitos de la vida p\u00fablica como:<\/p>\n<p>&nbsp;<\/p>\n<p>El desarrollo de \u201cOlinia\u201c, empresa creadora del primer auto el\u00e9ctrico 100 por ciento mexicano<br \/>La puesta en \u00f3rbita de un nuevo sat\u00e9lite mexicano <br \/>Producci\u00f3n de litio con tecnolog\u00eda propia<br \/>Creaci\u00f3n de una f\u00e1brica de software p\u00fablico y un centro de ciberseguridad e inteligencia artificial (IA)<br \/>Producci\u00f3n de drones de bajo costo <br \/>Desarrollo de equipos m\u00e9dicos para prevenci\u00f3n de enfermedades, ahorro de agua y energ\u00eda <br \/>La creaci\u00f3n de un centro de dise\u00f1o de semiconductores<\/p>\n<p>\u201cEn esta gesti\u00f3n de la nueva Secretar\u00eda de Ciencia y Tecnolog\u00eda hay un fuerte inter\u00e9s, aparte de desarrollar ciencia b\u00e1sica, tambi\u00e9n desarrollar ciencia aplicada o tecnolog\u00eda y quisiera se\u00f1alar que en el aspecto cu\u00e1ntico existe un n\u00famero considerable de colegas que tienen la capacidad de hacer ciencia tambi\u00e9n en el terreno aplicado y esperamos poder colaborar con la nueva Secretar\u00eda de Ciencia y Tecnolog\u00eda\u201d.<\/p>","protected":false},"excerpt":{"rendered":"<div class=\"mh-excerpt\"><p>A 100 a\u00f1os de que la humanidad lograra entender c\u00f3mo funciona la luz con fotones y la existencia de radiaci\u00f3n electromagn\u00e9tica, gracias a la investigaci\u00f3n <a class=\"mh-excerpt-more\" href=\"https:\/\/interaccioninformativa.mx\/index.php\/2025\/01\/29\/unam-busca-potenciar-ciencia-cuantica-en-mexico-con-secihti\/\" title=\"UNAM busca potenciar ciencia cu\u00e1ntica en M\u00e9xico con\u00a0SECIHTI\">[&#8230;]<\/a><\/p>\n<\/div>","protected":false},"author":1,"featured_media":729,"comment_status":"open","ping_status":"closed","sticky":false,"template":"","format":"standard","meta":{"footnotes":""},"categories":[1],"tags":[],"class_list":["post-728","post","type-post","status-publish","format-standard","has-post-thumbnail","hentry","category-noticias"],"_links":{"self":[{"href":"https:\/\/interaccioninformativa.mx\/index.php\/wp-json\/wp\/v2\/posts\/728","targetHints":{"allow":["GET"]}}],"collection":[{"href":"https:\/\/interaccioninformativa.mx\/index.php\/wp-json\/wp\/v2\/posts"}],"about":[{"href":"https:\/\/interaccioninformativa.mx\/index.php\/wp-json\/wp\/v2\/types\/post"}],"author":[{"embeddable":true,"href":"https:\/\/interaccioninformativa.mx\/index.php\/wp-json\/wp\/v2\/users\/1"}],"replies":[{"embeddable":true,"href":"https:\/\/interaccioninformativa.mx\/index.php\/wp-json\/wp\/v2\/comments?post=728"}],"version-history":[{"count":1,"href":"https:\/\/interaccioninformativa.mx\/index.php\/wp-json\/wp\/v2\/posts\/728\/revisions"}],"predecessor-version":[{"id":730,"href":"https:\/\/interaccioninformativa.mx\/index.php\/wp-json\/wp\/v2\/posts\/728\/revisions\/730"}],"wp:featuredmedia":[{"embeddable":true,"href":"https:\/\/interaccioninformativa.mx\/index.php\/wp-json\/wp\/v2\/media\/729"}],"wp:attachment":[{"href":"https:\/\/interaccioninformativa.mx\/index.php\/wp-json\/wp\/v2\/media?parent=728"}],"wp:term":[{"taxonomy":"category","embeddable":true,"href":"https:\/\/interaccioninformativa.mx\/index.php\/wp-json\/wp\/v2\/categories?post=728"},{"taxonomy":"post_tag","embeddable":true,"href":"https:\/\/interaccioninformativa.mx\/index.php\/wp-json\/wp\/v2\/tags?post=728"}],"curies":[{"name":"wp","href":"https:\/\/api.w.org\/{rel}","templated":true}]}}