{"id":731,"date":"2025-07-14T23:51:26","date_gmt":"2025-07-14T23:51:26","guid":{"rendered":"https:\/\/interaccioninformativa.mx\/?p=731"},"modified":"2025-07-15T00:00:09","modified_gmt":"2025-07-15T00:00:09","slug":"como-las-duras-politicas-de-trump-vaciaron-los-albergues-de-tijuana-y-donde-estan-los-migrantes","status":"publish","type":"post","link":"https:\/\/interaccioninformativa.mx\/index.php\/2025\/07\/14\/como-las-duras-politicas-de-trump-vaciaron-los-albergues-de-tijuana-y-donde-estan-los-migrantes\/","title":{"rendered":"C\u00f3mo las duras pol\u00edticas de Trump vaciaron los albergues de Tijuana (y d\u00f3nde est\u00e1n los migrantes)"},"content":{"rendered":"\n<div class=\"wp-block-media-text is-stacked-on-mobile\"><figure class=\"wp-block-media-text__media\"><img loading=\"lazy\" decoding=\"async\" width=\"800\" height=\"449\" src=\"https:\/\/interaccioninformativa.mx\/wp-content\/uploads\/2025\/07\/693b7c20-409b-11f0-a90d-6b992e1c44a7.jpg.webp\" alt=\"\" class=\"wp-image-732 size-full\" srcset=\"https:\/\/interaccioninformativa.mx\/wp-content\/uploads\/2025\/07\/693b7c20-409b-11f0-a90d-6b992e1c44a7.jpg.webp 800w, https:\/\/interaccioninformativa.mx\/wp-content\/uploads\/2025\/07\/693b7c20-409b-11f0-a90d-6b992e1c44a7.jpg-300x168.webp 300w, https:\/\/interaccioninformativa.mx\/wp-content\/uploads\/2025\/07\/693b7c20-409b-11f0-a90d-6b992e1c44a7.jpg-768x431.webp 768w\" sizes=\"auto, (max-width: 800px) 100vw, 800px\" \/><\/figure><div class=\"wp-block-media-text__content\">\n<p>Hubo momentos, hace no mucho, en que el piso del albergue Embajadores de Dios, en la ciudad mexicana de Tijuana, en la frontera con Estados Unidos, casi no se pod\u00eda ver: los colchones, carpas y camas de migrantes forraban el espacio.<\/p>\n<\/div><\/div>\n\n\n<p>Hoy, en cambio, el recinto se ve inmenso, la mitad de las camas disponibles est\u00e1n sin tender y en una esquina hay arrejuntados un pu\u00f1ado de colchones azules para los d\u00edas de emergencia.<\/p>\n<p>Pareciera que estos no son d\u00edas de emergencia en una ciudad que no conoce la calma en materia migratoria.<\/p>\n<p>Pareciera que el discurso de Donald Trump \u2014que la amenaza de una deportaci\u00f3n masiva y el cierre de mecanismos legales para migrar para contener lo que \u00e9l considera una \u00abinvasi\u00f3n\u00bb\u2014 ha tenido efecto: la gente est\u00e1 cruzando menos.<\/p>\n<p>\u00abEn este momento no hay llegadas importantes a M\u00e9xico\u00bb, dice Silvia Gardu\u00f1o, portavoz en M\u00e9xico de Acnur, la agencia de Naciones Unidas para los refugiados. \u00abPero sabemos que las causas de salida se mantienen\u00bb.<\/p>","protected":false},"excerpt":{"rendered":"<div class=\"mh-excerpt\"><p>Hubo momentos, hace no mucho, en que el piso del albergue Embajadores de Dios, en la ciudad mexicana de Tijuana, en la frontera con Estados <a class=\"mh-excerpt-more\" href=\"https:\/\/interaccioninformativa.mx\/index.php\/2025\/07\/14\/como-las-duras-politicas-de-trump-vaciaron-los-albergues-de-tijuana-y-donde-estan-los-migrantes\/\" title=\"C\u00f3mo las duras pol\u00edticas de Trump vaciaron los albergues de Tijuana (y d\u00f3nde est\u00e1n los migrantes)\">[&#8230;]<\/a><\/p>\n<\/div>","protected":false},"author":1,"featured_media":732,"comment_status":"open","ping_status":"closed","sticky":false,"template":"","format":"standard","meta":{"footnotes":""},"categories":[1],"tags":[],"class_list":["post-731","post","type-post","status-publish","format-standard","has-post-thumbnail","hentry","category-noticias"],"_links":{"self":[{"href":"https:\/\/interaccioninformativa.mx\/index.php\/wp-json\/wp\/v2\/posts\/731","targetHints":{"allow":["GET"]}}],"collection":[{"href":"https:\/\/interaccioninformativa.mx\/index.php\/wp-json\/wp\/v2\/posts"}],"about":[{"href":"https:\/\/interaccioninformativa.mx\/index.php\/wp-json\/wp\/v2\/types\/post"}],"author":[{"embeddable":true,"href":"https:\/\/interaccioninformativa.mx\/index.php\/wp-json\/wp\/v2\/users\/1"}],"replies":[{"embeddable":true,"href":"https:\/\/interaccioninformativa.mx\/index.php\/wp-json\/wp\/v2\/comments?post=731"}],"version-history":[{"count":1,"href":"https:\/\/interaccioninformativa.mx\/index.php\/wp-json\/wp\/v2\/posts\/731\/revisions"}],"predecessor-version":[{"id":733,"href":"https:\/\/interaccioninformativa.mx\/index.php\/wp-json\/wp\/v2\/posts\/731\/revisions\/733"}],"wp:featuredmedia":[{"embeddable":true,"href":"https:\/\/interaccioninformativa.mx\/index.php\/wp-json\/wp\/v2\/media\/732"}],"wp:attachment":[{"href":"https:\/\/interaccioninformativa.mx\/index.php\/wp-json\/wp\/v2\/media?parent=731"}],"wp:term":[{"taxonomy":"category","embeddable":true,"href":"https:\/\/interaccioninformativa.mx\/index.php\/wp-json\/wp\/v2\/categories?post=731"},{"taxonomy":"post_tag","embeddable":true,"href":"https:\/\/interaccioninformativa.mx\/index.php\/wp-json\/wp\/v2\/tags?post=731"}],"curies":[{"name":"wp","href":"https:\/\/api.w.org\/{rel}","templated":true}]}}