{"id":740,"date":"2025-03-13T00:12:00","date_gmt":"2025-03-13T00:12:00","guid":{"rendered":"https:\/\/interaccioninformativa.mx\/?p=740"},"modified":"2025-07-15T00:14:23","modified_gmt":"2025-07-15T00:14:23","slug":"rancho-izaguirre-las-estremecedoras-fotografias-del-centro-de-exterminio-y-reclutamiento-del-crimen-organizado-que-fue-hallado-en-mexico","status":"publish","type":"post","link":"https:\/\/interaccioninformativa.mx\/index.php\/2025\/03\/13\/rancho-izaguirre-las-estremecedoras-fotografias-del-centro-de-exterminio-y-reclutamiento-del-crimen-organizado-que-fue-hallado-en-mexico\/","title":{"rendered":"Rancho Izaguirre: las estremecedoras fotograf\u00edas del \u00abcentro de exterminio y reclutamiento\u00bb del crimen organizado que fue hallado en M\u00e9xico"},"content":{"rendered":"\n<div class=\"wp-block-media-text is-stacked-on-mobile\"><figure class=\"wp-block-media-text__media\"><img loading=\"lazy\" decoding=\"async\" width=\"800\" height=\"450\" src=\"https:\/\/interaccioninformativa.mx\/wp-content\/uploads\/2025\/07\/2b00e430-0014-11f0-a8b1-950887ddc6e5.jpg.webp\" alt=\"\" class=\"wp-image-741 size-full\" srcset=\"https:\/\/interaccioninformativa.mx\/wp-content\/uploads\/2025\/07\/2b00e430-0014-11f0-a8b1-950887ddc6e5.jpg.webp 800w, https:\/\/interaccioninformativa.mx\/wp-content\/uploads\/2025\/07\/2b00e430-0014-11f0-a8b1-950887ddc6e5.jpg-300x169.webp 300w, https:\/\/interaccioninformativa.mx\/wp-content\/uploads\/2025\/07\/2b00e430-0014-11f0-a8b1-950887ddc6e5.jpg-768x432.webp 768w\" sizes=\"auto, (max-width: 800px) 100vw, 800px\" \/><\/figure><div class=\"wp-block-media-text__content\">\n<p>Huesos calcinados, zapatos, bolsos, ropa y cartas de despedida.<\/p>\n\n\n\n<p>Esos son algunos de los hallazgos que hizo el colectivo Guerreros Buscadores de Jalisco en el Rancho Izaguirre, una finca localizada en una regi\u00f3n agr\u00edcola de Teuchitl\u00e1n, a una hora de Guadalajara, en el oeste de M\u00e9xico.<\/p>\n\n\n\n<p>El grupo, que se dedica a buscar a personas que han desaparecido por la violencia en el pa\u00eds, denunci\u00f3 el pasado 8 de marzo que el lugar oper\u00f3 por un tiempo indeterminado como un \u00abcentro de reclutamiento y exterminio\u00bb a manos del crimen organizado.<\/p>\n\n\n\n<p>La zona, que est\u00e1 controlada por el Cartel Jalisco Nueva Generaci\u00f3n, habr\u00eda sido utilizada para reclutar y entrenar de manera forzada a j\u00f3venes que se sumar\u00edan a sus comandos. Pese a que las autoridades ten\u00edan conocimiento del predio desde el 18 de septiembre de 2024, sus indagatorias no lograron dar con lo encontrado por los buscadores de v\u00edctimas la semana pasada, lo que ha generado cuestionamientos a la labor de la fiscal\u00eda en el pa\u00eds.<\/p>\n\n\n\n<p><\/p>\n\n\n\n<p><\/p>\n<\/div><\/div>\n\n\n\n<div class=\"wp-block-media-text is-stacked-on-mobile\"><figure class=\"wp-block-media-text__media\"><img loading=\"lazy\" decoding=\"async\" width=\"800\" height=\"532\" src=\"https:\/\/interaccioninformativa.mx\/wp-content\/uploads\/2025\/07\/ee59ca60-ffff-11ef-8c3d-b7dcc7510cb1.jpg.webp\" alt=\"\" class=\"wp-image-742 size-full\" srcset=\"https:\/\/interaccioninformativa.mx\/wp-content\/uploads\/2025\/07\/ee59ca60-ffff-11ef-8c3d-b7dcc7510cb1.jpg.webp 800w, https:\/\/interaccioninformativa.mx\/wp-content\/uploads\/2025\/07\/ee59ca60-ffff-11ef-8c3d-b7dcc7510cb1.jpg-300x200.webp 300w, https:\/\/interaccioninformativa.mx\/wp-content\/uploads\/2025\/07\/ee59ca60-ffff-11ef-8c3d-b7dcc7510cb1.jpg-768x511.webp 768w\" sizes=\"auto, (max-width: 800px) 100vw, 800px\" \/><\/figure><div class=\"wp-block-media-text__content\">\n<p>Tras la denuncia, equipos forenses se trasladaron al lugar para recoger evidencia. La propia fiscal\u00eda est\u00e1 haciendo p\u00fablicas algunas im\u00e1genes con el objetivo de que familiares de desaparecidos en la zona puedan reconocer algunos de los enseres personales de quienes estuvieron ah\u00ed recluidos.<\/p>\n<\/div><\/div>\n\n\n\n<div class=\"wp-block-media-text is-stacked-on-mobile\"><figure class=\"wp-block-media-text__media\"><img loading=\"lazy\" decoding=\"async\" width=\"800\" height=\"532\" src=\"https:\/\/interaccioninformativa.mx\/wp-content\/uploads\/2025\/07\/6aabf660-0000-11f0-8c3d-b7dcc7510cb1.jpg.webp\" alt=\"\" class=\"wp-image-743 size-full\" srcset=\"https:\/\/interaccioninformativa.mx\/wp-content\/uploads\/2025\/07\/6aabf660-0000-11f0-8c3d-b7dcc7510cb1.jpg.webp 800w, https:\/\/interaccioninformativa.mx\/wp-content\/uploads\/2025\/07\/6aabf660-0000-11f0-8c3d-b7dcc7510cb1.jpg-300x200.webp 300w, https:\/\/interaccioninformativa.mx\/wp-content\/uploads\/2025\/07\/6aabf660-0000-11f0-8c3d-b7dcc7510cb1.jpg-768x511.webp 768w\" sizes=\"auto, (max-width: 800px) 100vw, 800px\" \/><\/figure><div class=\"wp-block-media-text__content\">\n<p>Los equipos forenses ya han comenzado a trabajar para identificar los lugares que habr\u00edan operado como fosas comunes o crematorios. Hasta ahora, las autoridades no tienen una evaluaci\u00f3n sobre cu\u00e1ntas podr\u00edan ser las v\u00edctimas.<\/p>\n<\/div><\/div>\n\n\n\n<div class=\"wp-block-media-text is-stacked-on-mobile\"><figure class=\"wp-block-media-text__media\"><img loading=\"lazy\" decoding=\"async\" width=\"675\" height=\"450\" src=\"https:\/\/interaccioninformativa.mx\/wp-content\/uploads\/2025\/07\/04002440-0005-11f0-8482-95fc1747d814.jpg.webp\" alt=\"\" class=\"wp-image-744 size-full\" srcset=\"https:\/\/interaccioninformativa.mx\/wp-content\/uploads\/2025\/07\/04002440-0005-11f0-8482-95fc1747d814.jpg.webp 675w, https:\/\/interaccioninformativa.mx\/wp-content\/uploads\/2025\/07\/04002440-0005-11f0-8482-95fc1747d814.jpg-300x200.webp 300w\" sizes=\"auto, (max-width: 675px) 100vw, 675px\" \/><\/figure><div class=\"wp-block-media-text__content\">\n<p>La cantidad de zapatos abandonados en el lugar ha llamado la atenci\u00f3n de autoridades y buscadores. Desde el colectivo que denunci\u00f3 los hallazgos han afirmado que evocan a los grandes campos de concentraci\u00f3n.<\/p>\n<\/div><\/div>\n\n\n\n<div class=\"wp-block-media-text is-stacked-on-mobile\"><figure class=\"wp-block-media-text__media\"><img loading=\"lazy\" decoding=\"async\" width=\"799\" height=\"532\" src=\"https:\/\/interaccioninformativa.mx\/wp-content\/uploads\/2025\/07\/45652830-0001-11f0-b50e-9d086302645f.jpg.webp\" alt=\"\" class=\"wp-image-745 size-full\" srcset=\"https:\/\/interaccioninformativa.mx\/wp-content\/uploads\/2025\/07\/45652830-0001-11f0-b50e-9d086302645f.jpg.webp 799w, https:\/\/interaccioninformativa.mx\/wp-content\/uploads\/2025\/07\/45652830-0001-11f0-b50e-9d086302645f.jpg-300x200.webp 300w, https:\/\/interaccioninformativa.mx\/wp-content\/uploads\/2025\/07\/45652830-0001-11f0-b50e-9d086302645f.jpg-768x511.webp 768w\" sizes=\"auto, (max-width: 799px) 100vw, 799px\" \/><\/figure><div class=\"wp-block-media-text__content\">\n<p>Los buscadores y la fiscal\u00eda hallaron un presunto campo de entrenamiento en el predio. Se cree que ah\u00ed se formaba a los j\u00f3venes que hab\u00edan sido reclutados forzosamente por el crimen organizado.<\/p>\n<\/div><\/div>\n\n\n\n<div class=\"wp-block-media-text is-stacked-on-mobile\"><figure class=\"wp-block-media-text__media\"><img loading=\"lazy\" decoding=\"async\" width=\"800\" height=\"532\" src=\"https:\/\/interaccioninformativa.mx\/wp-content\/uploads\/2025\/07\/eae10c70-0001-11f0-8c3d-b7dcc7510cb1.jpg.webp\" alt=\"\" class=\"wp-image-746 size-full\" srcset=\"https:\/\/interaccioninformativa.mx\/wp-content\/uploads\/2025\/07\/eae10c70-0001-11f0-8c3d-b7dcc7510cb1.jpg.webp 800w, https:\/\/interaccioninformativa.mx\/wp-content\/uploads\/2025\/07\/eae10c70-0001-11f0-8c3d-b7dcc7510cb1.jpg-300x200.webp 300w, https:\/\/interaccioninformativa.mx\/wp-content\/uploads\/2025\/07\/eae10c70-0001-11f0-8c3d-b7dcc7510cb1.jpg-768x511.webp 768w\" sizes=\"auto, (max-width: 800px) 100vw, 800px\" \/><\/figure><div class=\"wp-block-media-text__content\">\n<p>En las pocas edificaciones que tiene el predio hab\u00eda habitaciones con enseres personales de las presuntas v\u00edctimas, entre ellas, ropa y cartas de despedida.<\/p>\n<\/div><\/div>\n","protected":false},"excerpt":{"rendered":"<div class=\"mh-excerpt\"><p>Huesos calcinados, zapatos, bolsos, ropa y cartas de despedida. Esos son algunos de los hallazgos que hizo el colectivo Guerreros Buscadores de Jalisco en el <a class=\"mh-excerpt-more\" href=\"https:\/\/interaccioninformativa.mx\/index.php\/2025\/03\/13\/rancho-izaguirre-las-estremecedoras-fotografias-del-centro-de-exterminio-y-reclutamiento-del-crimen-organizado-que-fue-hallado-en-mexico\/\" title=\"Rancho Izaguirre: las estremecedoras fotograf\u00edas del \u00abcentro de exterminio y reclutamiento\u00bb del crimen organizado que fue hallado en M\u00e9xico\">[&#8230;]<\/a><\/p>\n<\/div>","protected":false},"author":1,"featured_media":743,"comment_status":"open","ping_status":"closed","sticky":false,"template":"","format":"standard","meta":{"footnotes":""},"categories":[1],"tags":[],"class_list":["post-740","post","type-post","status-publish","format-standard","has-post-thumbnail","hentry","category-noticias"],"_links":{"self":[{"href":"https:\/\/interaccioninformativa.mx\/index.php\/wp-json\/wp\/v2\/posts\/740","targetHints":{"allow":["GET"]}}],"collection":[{"href":"https:\/\/interaccioninformativa.mx\/index.php\/wp-json\/wp\/v2\/posts"}],"about":[{"href":"https:\/\/interaccioninformativa.mx\/index.php\/wp-json\/wp\/v2\/types\/post"}],"author":[{"embeddable":true,"href":"https:\/\/interaccioninformativa.mx\/index.php\/wp-json\/wp\/v2\/users\/1"}],"replies":[{"embeddable":true,"href":"https:\/\/interaccioninformativa.mx\/index.php\/wp-json\/wp\/v2\/comments?post=740"}],"version-history":[{"count":1,"href":"https:\/\/interaccioninformativa.mx\/index.php\/wp-json\/wp\/v2\/posts\/740\/revisions"}],"predecessor-version":[{"id":747,"href":"https:\/\/interaccioninformativa.mx\/index.php\/wp-json\/wp\/v2\/posts\/740\/revisions\/747"}],"wp:featuredmedia":[{"embeddable":true,"href":"https:\/\/interaccioninformativa.mx\/index.php\/wp-json\/wp\/v2\/media\/743"}],"wp:attachment":[{"href":"https:\/\/interaccioninformativa.mx\/index.php\/wp-json\/wp\/v2\/media?parent=740"}],"wp:term":[{"taxonomy":"category","embeddable":true,"href":"https:\/\/interaccioninformativa.mx\/index.php\/wp-json\/wp\/v2\/categories?post=740"},{"taxonomy":"post_tag","embeddable":true,"href":"https:\/\/interaccioninformativa.mx\/index.php\/wp-json\/wp\/v2\/tags?post=740"}],"curies":[{"name":"wp","href":"https:\/\/api.w.org\/{rel}","templated":true}]}}