{"id":748,"date":"2025-01-13T00:15:00","date_gmt":"2025-01-13T00:15:00","guid":{"rendered":"https:\/\/interaccioninformativa.mx\/?p=748"},"modified":"2025-07-15T00:16:35","modified_gmt":"2025-07-15T00:16:35","slug":"naomi-valenzo-de-mexico-para-el-mundode-la-gimnasia","status":"publish","type":"post","link":"https:\/\/interaccioninformativa.mx\/index.php\/2025\/01\/13\/naomi-valenzo-de-mexico-para-el-mundode-la-gimnasia\/","title":{"rendered":"Naomi Valenzo; de M\u00e9xico para el mundo\u2026de la gimnasia"},"content":{"rendered":"\n<div class=\"wp-block-media-text is-stacked-on-mobile\"><figure class=\"wp-block-media-text__media\"><img loading=\"lazy\" decoding=\"async\" width=\"800\" height=\"671\" src=\"https:\/\/interaccioninformativa.mx\/wp-content\/uploads\/2025\/07\/naomi-portada-e1736795656910.jpg\" alt=\"\" class=\"wp-image-749 size-full\" srcset=\"https:\/\/interaccioninformativa.mx\/wp-content\/uploads\/2025\/07\/naomi-portada-e1736795656910.jpg 800w, https:\/\/interaccioninformativa.mx\/wp-content\/uploads\/2025\/07\/naomi-portada-e1736795656910-300x252.jpg 300w, https:\/\/interaccioninformativa.mx\/wp-content\/uploads\/2025\/07\/naomi-portada-e1736795656910-768x644.jpg 768w\" sizes=\"auto, (max-width: 800px) 100vw, 800px\" \/><\/figure><div class=\"wp-block-media-text__content\">\n<p><em>La mexicana\u00a0Naomi Valenzo se convirti\u00f3 en la primera mujer latinoamericana en ser vicepresidenta de la Federaci\u00f3n Internacional de Gimnasia\u00a0<\/em><\/p>\n<\/div><\/div>\n\n\n<p>\u201c(Ser vicepresidenta de la Federaci\u00f3n Internacional de Gimnasia) es ser una voz que representa la realidad de nuestros pa\u00edses en la toma de decisiones globales, en este caso de la Federaci\u00f3n Internacional, y por supuesto tiene un aspecto inspiracional al saber que con trabajo, preparaci\u00f3n y pasi\u00f3n se puede llegar a donde uno quiere; tambi\u00e9n es un toque cultural en la toma de decisiones de la FIG. Que vean c\u00f3mo trabaja un mexicano: somos creativos y resolutivos. Creo que eso es una aportaci\u00f3n que M\u00e9xico le puede dar a la Federaci\u00f3n Internacional\u201d: Naomi Valenzo.<\/p>\n<p>&nbsp;<\/p>\n<p>Este primero de enero la mexicana Naomi Valenzo Aoki asumi\u00f3 su cargo como vicepresidenta de la Federaci\u00f3n Internacional de Gimnasia (FIG), convirti\u00e9ndose, de esta manera, en la primera mujer latinoamericana en ocupar dicho puesto.<\/p>\n<p>&nbsp;<\/p>\n<p>Su elecci\u00f3n se dio el pasado 25 de octubre, durante las votaciones celebradas en el marco de la edici\u00f3n 85 del Congreso de la FIG, llevado a cabo en Doha, Qatar.<\/p>\n<p>&nbsp;<\/p>\n<p>Ah\u00ed, la mexicana obtuvo 108 votos de las 157 federaciones nacionales de la disciplina (es decir, casi el 69 por ciento). Ahora, Naomi compartir\u00e1 la vicepresidencia junto a Ali Al-Hitmi de Qatar y Suat Celen de Turqu\u00eda.<\/p>\n<p>&nbsp;<\/p>\n<p>\u201cMuch\u00edsima satisfacci\u00f3n (tener apoyo internacional) porque quiere decir que no solamente el continente americano me apoya, sino varios bloques de otros continentes y eso, evidentemente, es el reconocimiento al trabajo de muchos ciclos (ol\u00edmpicos) y en diferentes niveles: como juez ,como directiva, como organizadora. Entonces, al final, la gente te da ese reconocimiento con su voto\u201d, coment\u00f3 Naomi para Impacto Deportivo.<\/p>\n<p>&nbsp;<\/p>\n<p>Ese apoyo est\u00e1 respaldado con una trayectoria nacional e internacional de m\u00e1s de 33 a\u00f1os dentro de la gimnasia en la que Valenzo ha estado involucrada tanto en el \u00e1mbito dirigencial como en el jueceo dentro de la disciplina.<\/p>","protected":false},"excerpt":{"rendered":"<div class=\"mh-excerpt\"><p>La mexicana\u00a0Naomi Valenzo se convirti\u00f3 en la primera mujer latinoamericana en ser vicepresidenta de la Federaci\u00f3n Internacional de Gimnasia\u00a0 \u201c(Ser vicepresidenta de la Federaci\u00f3n Internacional <a class=\"mh-excerpt-more\" href=\"https:\/\/interaccioninformativa.mx\/index.php\/2025\/01\/13\/naomi-valenzo-de-mexico-para-el-mundode-la-gimnasia\/\" title=\"Naomi Valenzo; de M\u00e9xico para el mundo\u2026de la gimnasia\">[&#8230;]<\/a><\/p>\n<\/div>","protected":false},"author":1,"featured_media":749,"comment_status":"open","ping_status":"closed","sticky":false,"template":"","format":"standard","meta":{"footnotes":""},"categories":[1],"tags":[],"class_list":["post-748","post","type-post","status-publish","format-standard","has-post-thumbnail","hentry","category-noticias"],"_links":{"self":[{"href":"https:\/\/interaccioninformativa.mx\/index.php\/wp-json\/wp\/v2\/posts\/748","targetHints":{"allow":["GET"]}}],"collection":[{"href":"https:\/\/interaccioninformativa.mx\/index.php\/wp-json\/wp\/v2\/posts"}],"about":[{"href":"https:\/\/interaccioninformativa.mx\/index.php\/wp-json\/wp\/v2\/types\/post"}],"author":[{"embeddable":true,"href":"https:\/\/interaccioninformativa.mx\/index.php\/wp-json\/wp\/v2\/users\/1"}],"replies":[{"embeddable":true,"href":"https:\/\/interaccioninformativa.mx\/index.php\/wp-json\/wp\/v2\/comments?post=748"}],"version-history":[{"count":1,"href":"https:\/\/interaccioninformativa.mx\/index.php\/wp-json\/wp\/v2\/posts\/748\/revisions"}],"predecessor-version":[{"id":750,"href":"https:\/\/interaccioninformativa.mx\/index.php\/wp-json\/wp\/v2\/posts\/748\/revisions\/750"}],"wp:featuredmedia":[{"embeddable":true,"href":"https:\/\/interaccioninformativa.mx\/index.php\/wp-json\/wp\/v2\/media\/749"}],"wp:attachment":[{"href":"https:\/\/interaccioninformativa.mx\/index.php\/wp-json\/wp\/v2\/media?parent=748"}],"wp:term":[{"taxonomy":"category","embeddable":true,"href":"https:\/\/interaccioninformativa.mx\/index.php\/wp-json\/wp\/v2\/categories?post=748"},{"taxonomy":"post_tag","embeddable":true,"href":"https:\/\/interaccioninformativa.mx\/index.php\/wp-json\/wp\/v2\/tags?post=748"}],"curies":[{"name":"wp","href":"https:\/\/api.w.org\/{rel}","templated":true}]}}