{"id":751,"date":"2025-02-18T00:19:00","date_gmt":"2025-02-18T00:19:00","guid":{"rendered":"https:\/\/interaccioninformativa.mx\/?p=751"},"modified":"2025-07-15T00:20:15","modified_gmt":"2025-07-15T00:20:15","slug":"gobierno-relanza-hecho-en-mexico-para-impulsar-industria-nacional","status":"publish","type":"post","link":"https:\/\/interaccioninformativa.mx\/index.php\/2025\/02\/18\/gobierno-relanza-hecho-en-mexico-para-impulsar-industria-nacional\/","title":{"rendered":"Gobierno relanza \u201cHecho en M\u00e9xico\u201d para impulsar industria nacional"},"content":{"rendered":"\n<div class=\"wp-block-media-text is-stacked-on-mobile\"><figure class=\"wp-block-media-text__media\"><img loading=\"lazy\" decoding=\"async\" width=\"800\" height=\"600\" src=\"https:\/\/interaccioninformativa.mx\/wp-content\/uploads\/2025\/07\/PORTADAS-WEB-1-17.jpg\" alt=\"\" class=\"wp-image-752 size-full\" srcset=\"https:\/\/interaccioninformativa.mx\/wp-content\/uploads\/2025\/07\/PORTADAS-WEB-1-17.jpg 800w, https:\/\/interaccioninformativa.mx\/wp-content\/uploads\/2025\/07\/PORTADAS-WEB-1-17-300x225.jpg 300w, https:\/\/interaccioninformativa.mx\/wp-content\/uploads\/2025\/07\/PORTADAS-WEB-1-17-768x576.jpg 768w\" sizes=\"auto, (max-width: 800px) 100vw, 800px\" \/><\/figure><div class=\"wp-block-media-text__content\">\n<p><em>El Gobierno de M\u00e9xico lanz\u00f3 nuevamente el sello \u201cHecho en M\u00e9xico\u201d para impulsar la industria nacional en el extranjero y lograr desarrollo econ\u00f3mico.<\/em><\/p>\n<\/div><\/div>\n\n\n<p>Este martes el Gobierno de M\u00e9xico llev\u00f3 a cabo el relanzamiento de la marca \u201cHecho en M\u00e9xico\u201d que busca proteger, colocar e impulsar la industria nacional en el pa\u00eds y en el extranjero.<\/p>\n<p>&nbsp;<\/p>\n<p>Durante el evento, el secretario de Econom\u00eda, Marcelo Ebrard, sostuvo que las acciones que impulsan enaltecer los productos mexicanos, tienen una causa com\u00fan entre los sectores p\u00fablico y privado: que M\u00e9xico produzca m\u00e1s y mejor para lograr posicionarse en el mundo.<\/p>\n<p>&nbsp;<\/p>\n<p>\u201cEl prop\u00f3sito de todo este esfuerzo es que M\u00e9xico salga adelante, que M\u00e9xico sortee cualquier cosa que se nos llegue a presentar, que estemos unidos, cohesionados y que proyectemos a nuestro pa\u00eds. Entonces, \u2018Hecho en M\u00e9xico\u2019 significa todo eso.<\/p>\n<p>&nbsp;<\/p>\n<p>Vamos a colocar nuestro a pa\u00eds en donde tiene que estar, cualquiera que sea la circunstancia que vayamos a enfrentar, vamos a actuar en conjunto y a vencer. Y vamos a tener grandes resultados\u201d.<\/p>","protected":false},"excerpt":{"rendered":"<div class=\"mh-excerpt\"><p>El Gobierno de M\u00e9xico lanz\u00f3 nuevamente el sello \u201cHecho en M\u00e9xico\u201d para impulsar la industria nacional en el extranjero y lograr desarrollo econ\u00f3mico. Este martes <a class=\"mh-excerpt-more\" href=\"https:\/\/interaccioninformativa.mx\/index.php\/2025\/02\/18\/gobierno-relanza-hecho-en-mexico-para-impulsar-industria-nacional\/\" title=\"Gobierno relanza \u201cHecho en M\u00e9xico\u201d para impulsar industria nacional\">[&#8230;]<\/a><\/p>\n<\/div>","protected":false},"author":1,"featured_media":752,"comment_status":"open","ping_status":"closed","sticky":false,"template":"","format":"standard","meta":{"footnotes":""},"categories":[1],"tags":[],"class_list":["post-751","post","type-post","status-publish","format-standard","has-post-thumbnail","hentry","category-noticias"],"_links":{"self":[{"href":"https:\/\/interaccioninformativa.mx\/index.php\/wp-json\/wp\/v2\/posts\/751","targetHints":{"allow":["GET"]}}],"collection":[{"href":"https:\/\/interaccioninformativa.mx\/index.php\/wp-json\/wp\/v2\/posts"}],"about":[{"href":"https:\/\/interaccioninformativa.mx\/index.php\/wp-json\/wp\/v2\/types\/post"}],"author":[{"embeddable":true,"href":"https:\/\/interaccioninformativa.mx\/index.php\/wp-json\/wp\/v2\/users\/1"}],"replies":[{"embeddable":true,"href":"https:\/\/interaccioninformativa.mx\/index.php\/wp-json\/wp\/v2\/comments?post=751"}],"version-history":[{"count":1,"href":"https:\/\/interaccioninformativa.mx\/index.php\/wp-json\/wp\/v2\/posts\/751\/revisions"}],"predecessor-version":[{"id":753,"href":"https:\/\/interaccioninformativa.mx\/index.php\/wp-json\/wp\/v2\/posts\/751\/revisions\/753"}],"wp:featuredmedia":[{"embeddable":true,"href":"https:\/\/interaccioninformativa.mx\/index.php\/wp-json\/wp\/v2\/media\/752"}],"wp:attachment":[{"href":"https:\/\/interaccioninformativa.mx\/index.php\/wp-json\/wp\/v2\/media?parent=751"}],"wp:term":[{"taxonomy":"category","embeddable":true,"href":"https:\/\/interaccioninformativa.mx\/index.php\/wp-json\/wp\/v2\/categories?post=751"},{"taxonomy":"post_tag","embeddable":true,"href":"https:\/\/interaccioninformativa.mx\/index.php\/wp-json\/wp\/v2\/tags?post=751"}],"curies":[{"name":"wp","href":"https:\/\/api.w.org\/{rel}","templated":true}]}}