{"id":758,"date":"2025-07-03T00:26:34","date_gmt":"2025-07-03T00:26:34","guid":{"rendered":"https:\/\/interaccioninformativa.mx\/?p=758"},"modified":"2025-07-15T00:27:35","modified_gmt":"2025-07-15T00:27:35","slug":"deficit-hidrico-de-mexico-persiste-incluso-tras-abundantes-lluvias","status":"publish","type":"post","link":"https:\/\/interaccioninformativa.mx\/index.php\/2025\/07\/03\/deficit-hidrico-de-mexico-persiste-incluso-tras-abundantes-lluvias\/","title":{"rendered":"D\u00e9ficit h\u00eddrico de M\u00e9xico persiste, incluso tras abundantes lluvias"},"content":{"rendered":"\n<div class=\"wp-block-media-text is-stacked-on-mobile\"><figure class=\"wp-block-media-text__media\"><img loading=\"lazy\" decoding=\"async\" width=\"1024\" height=\"640\" src=\"https:\/\/interaccioninformativa.mx\/wp-content\/uploads\/2025\/07\/Deficit-hidrico-Mexico-persiste-incluso-tras-abundantes-lluvias-03072025-1024x640.jpg\" alt=\"\" class=\"wp-image-759 size-full\" srcset=\"https:\/\/interaccioninformativa.mx\/wp-content\/uploads\/2025\/07\/Deficit-hidrico-Mexico-persiste-incluso-tras-abundantes-lluvias-03072025-1024x640.jpg 1024w, https:\/\/interaccioninformativa.mx\/wp-content\/uploads\/2025\/07\/Deficit-hidrico-Mexico-persiste-incluso-tras-abundantes-lluvias-03072025-300x188.jpg 300w, https:\/\/interaccioninformativa.mx\/wp-content\/uploads\/2025\/07\/Deficit-hidrico-Mexico-persiste-incluso-tras-abundantes-lluvias-03072025-768x480.jpg 768w, https:\/\/interaccioninformativa.mx\/wp-content\/uploads\/2025\/07\/Deficit-hidrico-Mexico-persiste-incluso-tras-abundantes-lluvias-03072025.jpg 1200w\" sizes=\"auto, (max-width: 1024px) 100vw, 1024px\" \/><\/figure><div class=\"wp-block-media-text__content\">\n<p>Los niveles de almacenamiento de agua en las presas monitoreadas por Conagua eran 5% m\u00e1s bajos que el promedio hist\u00f3rico nacional a finales de junio.<\/p>\n<\/div><\/div>\n\n\n<p>Las abundantes ca\u00eddas lluvias en M\u00e9xico en las \u00faltimas semanas han ayudado a reabastecer los embalses del pa\u00eds, pero gran parte del suministro de agua sigue siendo deficitario, seg\u00fan datos de la Conagua.<\/p>\n<p>Junio fue un mes m\u00e1s h\u00famedo de lo habitual en un pa\u00eds que lleva varios a\u00f1os de sequ\u00eda. Entre el 31 de mayo y el 29 de junio llovi\u00f3 en M\u00e9xico m\u00e1s de 148 mil\u00edmetros, un 51,3% m\u00e1s que el promedio hist\u00f3rico del periodo.<\/p>\n<p>Ciudad de M\u00e9xico, donde generaciones de mala gesti\u00f3n han hecho que la ciudad construida sobre un lago sea propensa tanto a las inundaciones como a la escasez de agua, tuvo su junio m\u00e1s lluvioso en 21 a\u00f1os, inform\u00f3 la Secretar\u00eda de Gesti\u00f3n Integral del Agua de la capital.<\/p>","protected":false},"excerpt":{"rendered":"<div class=\"mh-excerpt\"><p>Los niveles de almacenamiento de agua en las presas monitoreadas por Conagua eran 5% m\u00e1s bajos que el promedio hist\u00f3rico nacional a finales de junio. <a class=\"mh-excerpt-more\" href=\"https:\/\/interaccioninformativa.mx\/index.php\/2025\/07\/03\/deficit-hidrico-de-mexico-persiste-incluso-tras-abundantes-lluvias\/\" title=\"D\u00e9ficit h\u00eddrico de M\u00e9xico persiste, incluso tras abundantes lluvias\">[&#8230;]<\/a><\/p>\n<\/div>","protected":false},"author":1,"featured_media":759,"comment_status":"open","ping_status":"closed","sticky":false,"template":"","format":"standard","meta":{"footnotes":""},"categories":[1],"tags":[],"class_list":["post-758","post","type-post","status-publish","format-standard","has-post-thumbnail","hentry","category-noticias"],"_links":{"self":[{"href":"https:\/\/interaccioninformativa.mx\/index.php\/wp-json\/wp\/v2\/posts\/758","targetHints":{"allow":["GET"]}}],"collection":[{"href":"https:\/\/interaccioninformativa.mx\/index.php\/wp-json\/wp\/v2\/posts"}],"about":[{"href":"https:\/\/interaccioninformativa.mx\/index.php\/wp-json\/wp\/v2\/types\/post"}],"author":[{"embeddable":true,"href":"https:\/\/interaccioninformativa.mx\/index.php\/wp-json\/wp\/v2\/users\/1"}],"replies":[{"embeddable":true,"href":"https:\/\/interaccioninformativa.mx\/index.php\/wp-json\/wp\/v2\/comments?post=758"}],"version-history":[{"count":1,"href":"https:\/\/interaccioninformativa.mx\/index.php\/wp-json\/wp\/v2\/posts\/758\/revisions"}],"predecessor-version":[{"id":760,"href":"https:\/\/interaccioninformativa.mx\/index.php\/wp-json\/wp\/v2\/posts\/758\/revisions\/760"}],"wp:featuredmedia":[{"embeddable":true,"href":"https:\/\/interaccioninformativa.mx\/index.php\/wp-json\/wp\/v2\/media\/759"}],"wp:attachment":[{"href":"https:\/\/interaccioninformativa.mx\/index.php\/wp-json\/wp\/v2\/media?parent=758"}],"wp:term":[{"taxonomy":"category","embeddable":true,"href":"https:\/\/interaccioninformativa.mx\/index.php\/wp-json\/wp\/v2\/categories?post=758"},{"taxonomy":"post_tag","embeddable":true,"href":"https:\/\/interaccioninformativa.mx\/index.php\/wp-json\/wp\/v2\/tags?post=758"}],"curies":[{"name":"wp","href":"https:\/\/api.w.org\/{rel}","templated":true}]}}