{"id":771,"date":"2025-04-10T00:39:00","date_gmt":"2025-04-10T00:39:00","guid":{"rendered":"https:\/\/interaccioninformativa.mx\/?p=771"},"modified":"2025-07-15T00:39:19","modified_gmt":"2025-07-15T00:39:19","slug":"mexico-se-aferra-a-la-integracion-de-norteamerica-en-plena-escalada-de-la-guerra-comercial-entre-china-y-estados-unidos","status":"publish","type":"post","link":"https:\/\/interaccioninformativa.mx\/index.php\/2025\/04\/10\/mexico-se-aferra-a-la-integracion-de-norteamerica-en-plena-escalada-de-la-guerra-comercial-entre-china-y-estados-unidos\/","title":{"rendered":"M\u00e9xico se aferra a la integraci\u00f3n de Norteam\u00e9rica en plena escalada de la guerra comercial entre China y Estados Unidos"},"content":{"rendered":"\n<div class=\"wp-block-media-text is-stacked-on-mobile\"><figure class=\"wp-block-media-text__media\"><img loading=\"lazy\" decoding=\"async\" width=\"1024\" height=\"683\" src=\"https:\/\/interaccioninformativa.mx\/wp-content\/uploads\/2025\/07\/BIXUV7HGRFCJHGNYUFUYY27GIM-1024x683.avif\" alt=\"\" class=\"wp-image-772 size-full\" srcset=\"https:\/\/interaccioninformativa.mx\/wp-content\/uploads\/2025\/07\/BIXUV7HGRFCJHGNYUFUYY27GIM-1024x683.avif 1024w, https:\/\/interaccioninformativa.mx\/wp-content\/uploads\/2025\/07\/BIXUV7HGRFCJHGNYUFUYY27GIM-300x200.avif 300w, https:\/\/interaccioninformativa.mx\/wp-content\/uploads\/2025\/07\/BIXUV7HGRFCJHGNYUFUYY27GIM-768x512.avif 768w, https:\/\/interaccioninformativa.mx\/wp-content\/uploads\/2025\/07\/BIXUV7HGRFCJHGNYUFUYY27GIM.avif 1200w\" sizes=\"auto, (max-width: 1024px) 100vw, 1024px\" \/><\/figure><div class=\"wp-block-media-text__content\">\n<p>El Gobierno apuesta a la sustituci\u00f3n de importaciones asi\u00e1ticas por contenido regional, pero en las cifras las importaciones chinas alcanzan cifras r\u00e9cord en el pa\u00eds<\/p>\n<\/div><\/div>\n\n\n\n<p><\/p>\n","protected":false},"excerpt":{"rendered":"<div class=\"mh-excerpt\"><p>El Gobierno apuesta a la sustituci\u00f3n de importaciones asi\u00e1ticas por contenido regional, pero en las cifras las importaciones chinas alcanzan cifras r\u00e9cord en el pa\u00eds<\/p>\n<\/div>","protected":false},"author":1,"featured_media":772,"comment_status":"open","ping_status":"closed","sticky":false,"template":"","format":"standard","meta":{"footnotes":""},"categories":[1],"tags":[],"class_list":["post-771","post","type-post","status-publish","format-standard","has-post-thumbnail","hentry","category-noticias"],"_links":{"self":[{"href":"https:\/\/interaccioninformativa.mx\/index.php\/wp-json\/wp\/v2\/posts\/771","targetHints":{"allow":["GET"]}}],"collection":[{"href":"https:\/\/interaccioninformativa.mx\/index.php\/wp-json\/wp\/v2\/posts"}],"about":[{"href":"https:\/\/interaccioninformativa.mx\/index.php\/wp-json\/wp\/v2\/types\/post"}],"author":[{"embeddable":true,"href":"https:\/\/interaccioninformativa.mx\/index.php\/wp-json\/wp\/v2\/users\/1"}],"replies":[{"embeddable":true,"href":"https:\/\/interaccioninformativa.mx\/index.php\/wp-json\/wp\/v2\/comments?post=771"}],"version-history":[{"count":1,"href":"https:\/\/interaccioninformativa.mx\/index.php\/wp-json\/wp\/v2\/posts\/771\/revisions"}],"predecessor-version":[{"id":773,"href":"https:\/\/interaccioninformativa.mx\/index.php\/wp-json\/wp\/v2\/posts\/771\/revisions\/773"}],"wp:featuredmedia":[{"embeddable":true,"href":"https:\/\/interaccioninformativa.mx\/index.php\/wp-json\/wp\/v2\/media\/772"}],"wp:attachment":[{"href":"https:\/\/interaccioninformativa.mx\/index.php\/wp-json\/wp\/v2\/media?parent=771"}],"wp:term":[{"taxonomy":"category","embeddable":true,"href":"https:\/\/interaccioninformativa.mx\/index.php\/wp-json\/wp\/v2\/categories?post=771"},{"taxonomy":"post_tag","embeddable":true,"href":"https:\/\/interaccioninformativa.mx\/index.php\/wp-json\/wp\/v2\/tags?post=771"}],"curies":[{"name":"wp","href":"https:\/\/api.w.org\/{rel}","templated":true}]}}