{"id":781,"date":"2025-02-18T00:46:00","date_gmt":"2025-02-18T00:46:00","guid":{"rendered":"https:\/\/interaccioninformativa.mx\/?p=781"},"modified":"2025-07-15T00:46:21","modified_gmt":"2025-07-15T00:46:21","slug":"lanzan-sello-hecho-en-mexico-y-made-in-mexico-para-promover-productos-nacionales","status":"publish","type":"post","link":"https:\/\/interaccioninformativa.mx\/index.php\/2025\/02\/18\/lanzan-sello-hecho-en-mexico-y-made-in-mexico-para-promover-productos-nacionales\/","title":{"rendered":"Lanzan sello &#8216;Hecho en M\u00e9xico&#8217; y &#8216;Made in Mexico&#8217; para promover productos nacionales"},"content":{"rendered":"\n<div class=\"wp-block-media-text is-stacked-on-mobile\"><figure class=\"wp-block-media-text__media\"><img loading=\"lazy\" decoding=\"async\" width=\"1024\" height=\"683\" src=\"https:\/\/interaccioninformativa.mx\/wp-content\/uploads\/2025\/07\/hecho-en-mexico-ebrard-economia-made-in-mexico-comercio-industria-hecho-en-mexico-made-in-180225-3-1024x683.jpg\" alt=\"\" class=\"wp-image-782 size-full\" srcset=\"https:\/\/interaccioninformativa.mx\/wp-content\/uploads\/2025\/07\/hecho-en-mexico-ebrard-economia-made-in-mexico-comercio-industria-hecho-en-mexico-made-in-180225-3-1024x683.jpg 1024w, https:\/\/interaccioninformativa.mx\/wp-content\/uploads\/2025\/07\/hecho-en-mexico-ebrard-economia-made-in-mexico-comercio-industria-hecho-en-mexico-made-in-180225-3-300x200.jpg 300w, https:\/\/interaccioninformativa.mx\/wp-content\/uploads\/2025\/07\/hecho-en-mexico-ebrard-economia-made-in-mexico-comercio-industria-hecho-en-mexico-made-in-180225-3-768x512.jpg 768w, https:\/\/interaccioninformativa.mx\/wp-content\/uploads\/2025\/07\/hecho-en-mexico-ebrard-economia-made-in-mexico-comercio-industria-hecho-en-mexico-made-in-180225-3-1536x1024.jpg 1536w, https:\/\/interaccioninformativa.mx\/wp-content\/uploads\/2025\/07\/hecho-en-mexico-ebrard-economia-made-in-mexico-comercio-industria-hecho-en-mexico-made-in-180225-3.jpg 1920w\" sizes=\"auto, (max-width: 1024px) 100vw, 1024px\" \/><\/figure><div class=\"wp-block-media-text__content\">\n<p>El Consejo Promotor &#8216;Hecho en M\u00e9xico&#8217; surgi\u00f3 para coordinar esfuerzos entre el sector p\u00fablico y privado para fortalecer el uso del sello, garantizar su autenticidad y promover el consumo de productos nacionales.<\/p>\n<\/div><\/div>\n\n\n<p>El Gobierno mexicano y empresarios promover\u00e1n el distintivo \u2018Hecho en M\u00e9xico\u2018 con la creaci\u00f3n este martes de un Consejo Promotor para fortalecer la identidad de los productos nacionales y promover su competitividad global ante los posibles aranceles de Estados Unidos.<\/p>\n<p>El relanzamiento de este distintivo \u2018Hecho en M\u00e9xico\u2019 o \u2018Made in Mexico\u2019, la tercera actualizaci\u00f3n desde 1978, tambi\u00e9n busca fomentar la sustituci\u00f3n de importaciones y potenciar la manufactura nacional en medio de los posibles impuestos comerciales del 25 % del presidente estadounidense, Donald Trump.<\/p>\n<p>El Consejo Promotor \u2018Hecho en M\u00e9xico\u2019 surgi\u00f3 para coordinar esfuerzos entre el sector p\u00fablico y privado para fortalecer el uso del sello, garantizar su autenticidad y promover el consumo de productos nacionales, seg\u00fan expuso en un evento Marcelo Ebrard, secretario de Econom\u00eda de M\u00e9xico.<\/p>","protected":false},"excerpt":{"rendered":"<div class=\"mh-excerpt\"><p>El Consejo Promotor &#8216;Hecho en M\u00e9xico&#8217; surgi\u00f3 para coordinar esfuerzos entre el sector p\u00fablico y privado para fortalecer el uso del sello, garantizar su autenticidad <a class=\"mh-excerpt-more\" href=\"https:\/\/interaccioninformativa.mx\/index.php\/2025\/02\/18\/lanzan-sello-hecho-en-mexico-y-made-in-mexico-para-promover-productos-nacionales\/\" title=\"Lanzan sello &#8216;Hecho en M\u00e9xico&#8217; y &#8216;Made in Mexico&#8217; para promover productos nacionales\">[&#8230;]<\/a><\/p>\n<\/div>","protected":false},"author":1,"featured_media":782,"comment_status":"open","ping_status":"closed","sticky":false,"template":"","format":"standard","meta":{"footnotes":""},"categories":[1],"tags":[],"class_list":["post-781","post","type-post","status-publish","format-standard","has-post-thumbnail","hentry","category-noticias"],"_links":{"self":[{"href":"https:\/\/interaccioninformativa.mx\/index.php\/wp-json\/wp\/v2\/posts\/781","targetHints":{"allow":["GET"]}}],"collection":[{"href":"https:\/\/interaccioninformativa.mx\/index.php\/wp-json\/wp\/v2\/posts"}],"about":[{"href":"https:\/\/interaccioninformativa.mx\/index.php\/wp-json\/wp\/v2\/types\/post"}],"author":[{"embeddable":true,"href":"https:\/\/interaccioninformativa.mx\/index.php\/wp-json\/wp\/v2\/users\/1"}],"replies":[{"embeddable":true,"href":"https:\/\/interaccioninformativa.mx\/index.php\/wp-json\/wp\/v2\/comments?post=781"}],"version-history":[{"count":1,"href":"https:\/\/interaccioninformativa.mx\/index.php\/wp-json\/wp\/v2\/posts\/781\/revisions"}],"predecessor-version":[{"id":783,"href":"https:\/\/interaccioninformativa.mx\/index.php\/wp-json\/wp\/v2\/posts\/781\/revisions\/783"}],"wp:featuredmedia":[{"embeddable":true,"href":"https:\/\/interaccioninformativa.mx\/index.php\/wp-json\/wp\/v2\/media\/782"}],"wp:attachment":[{"href":"https:\/\/interaccioninformativa.mx\/index.php\/wp-json\/wp\/v2\/media?parent=781"}],"wp:term":[{"taxonomy":"category","embeddable":true,"href":"https:\/\/interaccioninformativa.mx\/index.php\/wp-json\/wp\/v2\/categories?post=781"},{"taxonomy":"post_tag","embeddable":true,"href":"https:\/\/interaccioninformativa.mx\/index.php\/wp-json\/wp\/v2\/tags?post=781"}],"curies":[{"name":"wp","href":"https:\/\/api.w.org\/{rel}","templated":true}]}}