{"id":794,"date":"2024-08-29T16:54:00","date_gmt":"2024-08-29T16:54:00","guid":{"rendered":"https:\/\/interaccioninformativa.mx\/?p=794"},"modified":"2025-07-15T16:54:19","modified_gmt":"2025-07-15T16:54:19","slug":"instalan-jefe-de-gobierno-marti-batres-y-jefa-de-gobierno-clara-brugada-comision-de-transicion-hacia-la-administracion-publica-de-la-ciudad-de-mexico-2024-2030","status":"publish","type":"post","link":"https:\/\/interaccioninformativa.mx\/index.php\/2024\/08\/29\/instalan-jefe-de-gobierno-marti-batres-y-jefa-de-gobierno-clara-brugada-comision-de-transicion-hacia-la-administracion-publica-de-la-ciudad-de-mexico-2024-2030\/","title":{"rendered":"Instalan Jefe de Gobierno, Mart\u00ed Batres, y Jefa de Gobierno, Clara Brugada, Comisi\u00f3n de Transici\u00f3n hacia la administraci\u00f3n p\u00fablica de la Ciudad de M\u00e9xico 2024-2030"},"content":{"rendered":"\n<div class=\"wp-block-media-text is-stacked-on-mobile\"><figure class=\"wp-block-media-text__media\"><img loading=\"lazy\" decoding=\"async\" width=\"1024\" height=\"683\" src=\"https:\/\/interaccioninformativa.mx\/wp-content\/uploads\/2025\/07\/Instalan-Jefe-de-Gobierno-Marti-Batres-y-Jefa-de-Gobierno-Clara-Brugada-1024x683.jpg\" alt=\"\" class=\"wp-image-795 size-full\" srcset=\"https:\/\/interaccioninformativa.mx\/wp-content\/uploads\/2025\/07\/Instalan-Jefe-de-Gobierno-Marti-Batres-y-Jefa-de-Gobierno-Clara-Brugada-1024x683.jpg 1024w, https:\/\/interaccioninformativa.mx\/wp-content\/uploads\/2025\/07\/Instalan-Jefe-de-Gobierno-Marti-Batres-y-Jefa-de-Gobierno-Clara-Brugada-300x200.jpg 300w, https:\/\/interaccioninformativa.mx\/wp-content\/uploads\/2025\/07\/Instalan-Jefe-de-Gobierno-Marti-Batres-y-Jefa-de-Gobierno-Clara-Brugada-768x512.jpg 768w, https:\/\/interaccioninformativa.mx\/wp-content\/uploads\/2025\/07\/Instalan-Jefe-de-Gobierno-Marti-Batres-y-Jefa-de-Gobierno-Clara-Brugada-1536x1024.jpg 1536w, https:\/\/interaccioninformativa.mx\/wp-content\/uploads\/2025\/07\/Instalan-Jefe-de-Gobierno-Marti-Batres-y-Jefa-de-Gobierno-Clara-Brugada-2048x1366.jpg 2048w\" sizes=\"auto, (max-width: 1024px) 100vw, 1024px\" \/><\/figure><div class=\"wp-block-media-text__content\">\n<p>El Jefe de Gobierno, Mart\u00ed Batres Guadarrama, inform\u00f3 que se inicia el proceso de entrega-recepci\u00f3n, para facilitar que la administraci\u00f3n entrante conozca, de forma general, el estado en que se encuentran los recursos humanos, materiales y financieros;<\/p>\n<\/div><\/div>\n\n\n<p>refrend\u00f3 que este acto refrenda el inter\u00e9s de ambos gobiernos de continuar con el proyecto de Transformaci\u00f3n<br \/>La Jefa de Gobierno electa, Clara Brugada Molina, destac\u00f3 que dar\u00e1 continuidad al proyecto de transformaci\u00f3n iniciado en la capital por la actual Presidenta electa, Claudia Sheinbaum Pardo, con el fin de reafirmar que esta es una ciudad progresista y de derechos<br \/>El Jefe de Gobierno, Mart\u00ed Batres Guadarrama, y la Jefa de Gobierno electa, Clara Brugada Molina, instalaron la Comisi\u00f3n de Transici\u00f3n con motivo de la conclusi\u00f3n de la gesti\u00f3n 2018-2024 y el inicio de la Administraci\u00f3n P\u00fablica de la Ciudad de M\u00e9xico 2024-2030, de acuerdo con los lineamientos publicados hoy en la Gaceta Oficial capitalina.<\/p>\n<p>El mandatario local se\u00f1al\u00f3 que este acto representa la uni\u00f3n del gobierno en funciones y el gobierno electo bajo el proyecto de la Cuarta Transformaci\u00f3n, encabezado por el Presidente Andr\u00e9s Manuel L\u00f3pez Obrador, e impulsado en la ciudad por la actual Presidenta electa, Claudia Sheinbaum Pardo, para garantizar el bienestar de la poblaci\u00f3n a trav\u00e9s de ejes como movilidad, sustentabilidad, educaci\u00f3n, desarrollo comunitario, innovaci\u00f3n tecnol\u00f3gica y seguridad.<\/p>\n<p>\u201cHoy se public\u00f3 el Acuerdo por el que se establece la Comisi\u00f3n de Transici\u00f3n con motivo de la conclusi\u00f3n de la gesti\u00f3n 2018-2024 de la administraci\u00f3n p\u00fablica de la Ciudad de M\u00e9xico y el inicio de la administraci\u00f3n p\u00fablica de la Ciudad de M\u00e9xico 2024-2030. (&#8230;) Este no es un simple acto burocr\u00e1tico y un tr\u00e1mite, sino que hay un contenido pol\u00edtico, social, program\u00e1tico en este hecho, porque formamos parte de un proyecto de Transformaci\u00f3n que se viene realizando a partir del 2018. (&#8230;) No solo estamos aqu\u00ed en este acto de transici\u00f3n formal, sino que estamos aqu\u00ed refrendando los principios que ponderan la supremac\u00eda de lo p\u00fablico sobre cualquier otro inter\u00e9s y el acento social a la acci\u00f3n de la administraci\u00f3n p\u00fablica. Muy bienvenida con todo su equipo, licenciada Clara Brugada Molina. As\u00ed instalamos hoy la Comisi\u00f3n de Transici\u00f3n en la Ciudad de M\u00e9xico\u201d, apunt\u00f3.<\/p>\n<p>Subray\u00f3 que a lo largo de su gesti\u00f3n, dio continuidad a los procesos de Transformaci\u00f3n iniciados por la doctora Claudia Sheinbaum, adem\u00e1s de incorporar nuevos elementos a la agenda, particularmente en materia de justicia social, vivienda, obras hidr\u00e1ulicas y recuperaci\u00f3n del espacio p\u00fablico.<\/p>\n<p>\u201cQuiero aqu\u00ed, en este momento, hacer un amplio reconocimiento a la doctora Claudia Sheinbaum, quien encabez\u00f3 gran parte de la gesti\u00f3n de esta administraci\u00f3n 2018-2024, por las transformaciones impulsadas que, adem\u00e1s, se impulsaron despu\u00e9s de un periodo de seis a\u00f1os, el de 2012 a 2018 de graves retrocesos. Quiero, por otra parte, reiterar mi reconocimiento a la licenciada Clara Brugada Molina, (&#8230;) una persona consecuente, congruente, de lucha, que representa de manera genuina los anhelos de la gente y que tiene un cari\u00f1o por la gente que pocas veces vemos en servidores p\u00fablicos. Reitero entonces mi reconocimiento a sus m\u00e9ritos y su trayectoria en la Ciudad de M\u00e9xico y a la lucha que ha dado y que permitir\u00e1 darle continuidad y no solo continuidad, sino profundizaci\u00f3n al proyecto de Transformaci\u00f3n\u201d, agreg\u00f3.<\/p>\n<p>Mart\u00ed Batres inform\u00f3 que la Comisi\u00f3n de Entrega est\u00e1 integrada por el secretario de Gobierno, Ricardo Ruiz Su\u00e1rez; la secretaria de Administraci\u00f3n y Finanzas, Bertha G\u00f3mez Castro; el secretario de Desarrollo Urbano y Vivienda, Inti Mu\u00f1oz Santini; el secretario de Bienestar e Igualdad Social, Juan Gerardo L\u00f3pez Hern\u00e1ndez; y el secretario de la Contralor\u00eda General, Juan Jos\u00e9 Serrano Mendoza.<\/p>\n<p>\u201cLa Comisi\u00f3n de Transici\u00f3n se instalar\u00e1 a partir de la publicaci\u00f3n del presente acuerdo, es decir, hoy, con el objeto de iniciar el proceso de entrega-recepci\u00f3n de los asuntos y recursos de la Administraci\u00f3n P\u00fablica de la Ciudad de M\u00e9xico, derivado de la conclusi\u00f3n del periodo de gesti\u00f3n 2018-2024, a fin de que la administraci\u00f3n p\u00fablica entrante conozca de forma general el estado en que se encuentran los recursos humanos, materiales y financieros asignados a la administraci\u00f3n p\u00fablica de la Ciudad de M\u00e9xico; as\u00ed como los programas, proyectos, presupuestos, inmuebles, obras p\u00fablicas y adquisiciones, asuntos en tr\u00e1mite y jurisdiccionales, auditor\u00edas, reconstrucci\u00f3n de la ciudad y dem\u00e1s asuntos relevantes correspondientes al periodo de gesti\u00f3n 2018-2024\u201d, detall\u00f3 en torno al Art\u00edculo Primero del Acuerdo.<\/p>\n<p>Adicionalmente, resalt\u00f3 que en el Art\u00edculo Tercero se se\u00f1ala que el programa de trabajo, as\u00ed como la periodicidad de las sesiones se determinar\u00e1 de com\u00fan acuerdo entre las Comisiones de Entrega y Receptora, conforme a las necesidades fijadas por ambos equipos de trabajo.<\/p>\n<p>\u201cPara apoyar en los trabajos de la Comisi\u00f3n de Transici\u00f3n, espec\u00edficamente para proporcionar y recibir informaci\u00f3n detallada sobre la situaci\u00f3n actual de los asuntos y recursos humanos, materiales y financieros asignados a cada ente p\u00fablico, fungir\u00e1n como enlaces por parte de la Comisi\u00f3n de Entrega las personas titulares de las dependencias, \u00f3rganos desconcentrados y entidades de la administraci\u00f3n p\u00fablica local. (&#8230;) La informaci\u00f3n y documentaci\u00f3n que proporcione la Comisi\u00f3n de Entrega a la Comisi\u00f3n Receptora, es independiente al Acta Administrativa de Entrega-Recepci\u00f3n e Informe de Gesti\u00f3n que elaboren las personas titulares de cada una de las Dependencias, \u00d3rganos Desconcentrados y Entidades\u201d, explic\u00f3.<\/p>\n<p>Cabe destacar que la Comisi\u00f3n de Transici\u00f3n es de car\u00e1cter transitorio, por lo que su vigencia concluir\u00e1 en cuanto cumpla con su objeto.<\/p>\n<p>Por su parte, la Jefa de Gobierno electa, Clara Brugada Molina, inform\u00f3 que la Comisi\u00f3n de Recepci\u00f3n estar\u00e1 integrada por los pr\u00f3ximos secretarios de Gobierno, C\u00e9sar Cravioto Romero; de Planeaci\u00f3n y Ordenamiento Territorial y Coordinaci\u00f3n Metropolitana, Alejandro Encinas Rodr\u00edguez; de Administraci\u00f3n y Finanzas, Juan Pablo De Bottom; de Bienestar e Igualdad Social, Araceli Dami\u00e1n Gonz\u00e1lez; y la pr\u00f3xima consejera Jur\u00eddica y de Servicios Legales, Er\u00e9ndira Cruzvillegas Fuentes.<\/p>\n<p>\u201cCon este acto, se inicia un proceso que concluir\u00e1 con la entrada en funciones constitucionales del nuevo gobierno. Y con el mejor de los \u00e1nimos, con el mejor ambiente de cordialidad y colaboraci\u00f3n, vamos a recibir informaci\u00f3n que permita una transici\u00f3n de poder, una transici\u00f3n ordenada, transparente y, dir\u00edamos, una transici\u00f3n de terciopelo, porque somos compa\u00f1eros que nos une un proyecto en com\u00fan, que es la Transformaci\u00f3n de la Ciudad de M\u00e9xico, somos el mismo equipo. (&#8230;) Compa\u00f1eras y compa\u00f1eros, en la Ciudad de M\u00e9xico se desarrolla un cambio de gobierno con normalidad democr\u00e1tica, porque en democracia el pueblo manda\u201d, asegur\u00f3.<\/p>\n<p>Adem\u00e1s, celebr\u00f3 que la presente administraci\u00f3n de la Ciudad de M\u00e9xico ha cumplido sus responsabilidades y compromisos con un marcado acento social y un proceso de Transformaci\u00f3n que ha permitido garantizar el bienestar de la ciudadan\u00eda.<\/p>\n<p>\u201cEn la Ciudad de M\u00e9xico hay un gobierno en funciones, un gobierno que cabalmente ha cumplido su responsabilidades y compromisos de conformidad a lo que se\u00f1ala la Constituci\u00f3n y sus leyes. Este gobierno est\u00e1 encabezado por el compa\u00f1ero Mart\u00ed Batres Guadarrama, a quien reconozco en su desempe\u00f1o y reconozco a\u00fan m\u00e1s el acento que ha puesto en este periodo de gobierno. Con Mart\u00ed nos une una historia de lucha y de compromisos por y con el pueblo de la Ciudad de M\u00e9xico, nos une un proyecto de Transformaci\u00f3n de la vida p\u00fablica de este pa\u00eds y nos une la pasi\u00f3n por servir a la Ciudad de M\u00e9xico. Y quiero tambi\u00e9n reconocer a la doctora Claudia Sheinbaum, que fue electa en esta ciudad de M\u00e9xico en el 2018 y durante cinco a\u00f1os nos dej\u00f3 una ciudad extraordinariamente transformada\u201d, expres\u00f3.<\/p>\n<p>Finalmente, reiter\u00f3 que el gobierno que encabezar\u00e1, es heredero de las luchas sociales que han conquistado derechos para todas y todos, por lo que continuar\u00e1 con el compromiso de construir una ciudad progresista que procure el bienestar de todos los sectores de la poblaci\u00f3n.<\/p>\n<p>\u201cEsta ciudad, el 2 de junio, reafirm\u00f3 su vocaci\u00f3n progresista que ha mantenido firme desde 1997. Tuvo la oportunidad, este pueblo de la Ciudad de M\u00e9xico, de expresar su voluntad de manera libre, con un voto libre, secreto y directo. As\u00ed que tenemos compromisos y mandatos del 2 de junio, y los ciudadanos nos respaldaron para dar continuidad a las obras y a las grandes transformaciones que se llevaron a cabo en esta gran ciudad. (&#8230;) Les decimos a la ciudadan\u00eda que no les vamos a fallar, la ciudad ser\u00e1 capital de la Transformaci\u00f3n\u201d, concluy\u00f3.<\/p>\n<p>&nbsp;<\/p>","protected":false},"excerpt":{"rendered":"<div class=\"mh-excerpt\"><p>El Jefe de Gobierno, Mart\u00ed Batres Guadarrama, inform\u00f3 que se inicia el proceso de entrega-recepci\u00f3n, para facilitar que la administraci\u00f3n entrante conozca, de forma general, <a class=\"mh-excerpt-more\" href=\"https:\/\/interaccioninformativa.mx\/index.php\/2024\/08\/29\/instalan-jefe-de-gobierno-marti-batres-y-jefa-de-gobierno-clara-brugada-comision-de-transicion-hacia-la-administracion-publica-de-la-ciudad-de-mexico-2024-2030\/\" title=\"Instalan Jefe de Gobierno, Mart\u00ed Batres, y Jefa de Gobierno, Clara Brugada, Comisi\u00f3n de Transici\u00f3n hacia la administraci\u00f3n p\u00fablica de la Ciudad de M\u00e9xico 2024-2030\">[&#8230;]<\/a><\/p>\n<\/div>","protected":false},"author":1,"featured_media":795,"comment_status":"open","ping_status":"closed","sticky":false,"template":"","format":"standard","meta":{"footnotes":""},"categories":[1],"tags":[],"class_list":["post-794","post","type-post","status-publish","format-standard","has-post-thumbnail","hentry","category-noticias"],"_links":{"self":[{"href":"https:\/\/interaccioninformativa.mx\/index.php\/wp-json\/wp\/v2\/posts\/794","targetHints":{"allow":["GET"]}}],"collection":[{"href":"https:\/\/interaccioninformativa.mx\/index.php\/wp-json\/wp\/v2\/posts"}],"about":[{"href":"https:\/\/interaccioninformativa.mx\/index.php\/wp-json\/wp\/v2\/types\/post"}],"author":[{"embeddable":true,"href":"https:\/\/interaccioninformativa.mx\/index.php\/wp-json\/wp\/v2\/users\/1"}],"replies":[{"embeddable":true,"href":"https:\/\/interaccioninformativa.mx\/index.php\/wp-json\/wp\/v2\/comments?post=794"}],"version-history":[{"count":1,"href":"https:\/\/interaccioninformativa.mx\/index.php\/wp-json\/wp\/v2\/posts\/794\/revisions"}],"predecessor-version":[{"id":796,"href":"https:\/\/interaccioninformativa.mx\/index.php\/wp-json\/wp\/v2\/posts\/794\/revisions\/796"}],"wp:featuredmedia":[{"embeddable":true,"href":"https:\/\/interaccioninformativa.mx\/index.php\/wp-json\/wp\/v2\/media\/795"}],"wp:attachment":[{"href":"https:\/\/interaccioninformativa.mx\/index.php\/wp-json\/wp\/v2\/media?parent=794"}],"wp:term":[{"taxonomy":"category","embeddable":true,"href":"https:\/\/interaccioninformativa.mx\/index.php\/wp-json\/wp\/v2\/categories?post=794"},{"taxonomy":"post_tag","embeddable":true,"href":"https:\/\/interaccioninformativa.mx\/index.php\/wp-json\/wp\/v2\/tags?post=794"}],"curies":[{"name":"wp","href":"https:\/\/api.w.org\/{rel}","templated":true}]}}