{"id":828,"date":"2025-07-17T16:58:53","date_gmt":"2025-07-17T16:58:53","guid":{"rendered":"https:\/\/interaccioninformativa.mx\/?p=828"},"modified":"2025-07-17T17:14:05","modified_gmt":"2025-07-17T17:14:05","slug":"ciudad-de-mexico-lanza-plan-para-combatir-la-gentrificacion","status":"publish","type":"post","link":"https:\/\/interaccioninformativa.mx\/index.php\/2025\/07\/17\/ciudad-de-mexico-lanza-plan-para-combatir-la-gentrificacion\/","title":{"rendered":"El \u2018Osito Bimbo est\u00e1 triste\u2019: Muere Roberto Servitje, cofundador y \u2018primer empleado\u2019 de la empresa de pan"},"content":{"rendered":"\n<div class=\"wp-block-media-text is-stacked-on-mobile\"><figure class=\"wp-block-media-text__media\"><img loading=\"lazy\" decoding=\"async\" width=\"1024\" height=\"576\" src=\"https:\/\/interaccioninformativa.mx\/wp-content\/uploads\/2025\/07\/TYJRWWZHDVDZJFSFI3LPC52T3Q-4-1024x576.avif\" alt=\"\" class=\"wp-image-832 size-full\" srcset=\"https:\/\/interaccioninformativa.mx\/wp-content\/uploads\/2025\/07\/TYJRWWZHDVDZJFSFI3LPC52T3Q-4-1024x576.avif 1024w, https:\/\/interaccioninformativa.mx\/wp-content\/uploads\/2025\/07\/TYJRWWZHDVDZJFSFI3LPC52T3Q-4-300x169.avif 300w, https:\/\/interaccioninformativa.mx\/wp-content\/uploads\/2025\/07\/TYJRWWZHDVDZJFSFI3LPC52T3Q-4-768x432.avif 768w, https:\/\/interaccioninformativa.mx\/wp-content\/uploads\/2025\/07\/TYJRWWZHDVDZJFSFI3LPC52T3Q-4.avif 1200w\" sizes=\"auto, (max-width: 1024px) 100vw, 1024px\" \/><\/figure><div class=\"wp-block-media-text__content\">\n<p>La noticia de la muerte del cofundador de Grupo Bimbo ocurre el mismo d\u00eda en que anuncian una inversi\u00f3n millonaria en M\u00e9xico.<\/p>\n<\/div><\/div>\n\n\n<p>Roberto Servitje Sendra, empresario y cofundador de Grupo Bimbo falleci\u00f3 este jueves 17 de julio a los 97 a\u00f1os, de acuerdo con el diario Reforma.<\/p>\n<p><br \/>Servitje fue considerado por sus colaboradores como el \u201cprimer empleado de Bimbo\u201d debido a su trayectoria en la empresa y su desarrollo profesional en la misma.<\/p>\n<p>Naci\u00f3 en la Ciudad de M\u00e9xico en 1928, fue hermano de Lorenzo Servije, y figura clave en el desarrollo de Grupo Bimbo.<\/p>\n<p>&nbsp;<\/p>\n\n\n<p><\/p>\n","protected":false},"excerpt":{"rendered":"<div class=\"mh-excerpt\"><p>La noticia de la muerte del cofundador de Grupo Bimbo ocurre el mismo d\u00eda en que anuncian una inversi\u00f3n millonaria en M\u00e9xico. Roberto Servitje Sendra, <a class=\"mh-excerpt-more\" href=\"https:\/\/interaccioninformativa.mx\/index.php\/2025\/07\/17\/ciudad-de-mexico-lanza-plan-para-combatir-la-gentrificacion\/\" title=\"El \u2018Osito Bimbo est\u00e1 triste\u2019: Muere Roberto Servitje, cofundador y \u2018primer empleado\u2019 de la empresa de pan\">[&#8230;]<\/a><\/p>\n<\/div>","protected":false},"author":1,"featured_media":832,"comment_status":"open","ping_status":"closed","sticky":false,"template":"","format":"standard","meta":{"footnotes":""},"categories":[1],"tags":[],"class_list":["post-828","post","type-post","status-publish","format-standard","has-post-thumbnail","hentry","category-noticias"],"_links":{"self":[{"href":"https:\/\/interaccioninformativa.mx\/index.php\/wp-json\/wp\/v2\/posts\/828","targetHints":{"allow":["GET"]}}],"collection":[{"href":"https:\/\/interaccioninformativa.mx\/index.php\/wp-json\/wp\/v2\/posts"}],"about":[{"href":"https:\/\/interaccioninformativa.mx\/index.php\/wp-json\/wp\/v2\/types\/post"}],"author":[{"embeddable":true,"href":"https:\/\/interaccioninformativa.mx\/index.php\/wp-json\/wp\/v2\/users\/1"}],"replies":[{"embeddable":true,"href":"https:\/\/interaccioninformativa.mx\/index.php\/wp-json\/wp\/v2\/comments?post=828"}],"version-history":[{"count":2,"href":"https:\/\/interaccioninformativa.mx\/index.php\/wp-json\/wp\/v2\/posts\/828\/revisions"}],"predecessor-version":[{"id":833,"href":"https:\/\/interaccioninformativa.mx\/index.php\/wp-json\/wp\/v2\/posts\/828\/revisions\/833"}],"wp:featuredmedia":[{"embeddable":true,"href":"https:\/\/interaccioninformativa.mx\/index.php\/wp-json\/wp\/v2\/media\/832"}],"wp:attachment":[{"href":"https:\/\/interaccioninformativa.mx\/index.php\/wp-json\/wp\/v2\/media?parent=828"}],"wp:term":[{"taxonomy":"category","embeddable":true,"href":"https:\/\/interaccioninformativa.mx\/index.php\/wp-json\/wp\/v2\/categories?post=828"},{"taxonomy":"post_tag","embeddable":true,"href":"https:\/\/interaccioninformativa.mx\/index.php\/wp-json\/wp\/v2\/tags?post=828"}],"curies":[{"name":"wp","href":"https:\/\/api.w.org\/{rel}","templated":true}]}}