{"id":837,"date":"2025-07-17T17:24:35","date_gmt":"2025-07-17T17:24:35","guid":{"rendered":"https:\/\/interaccioninformativa.mx\/?p=837"},"modified":"2025-07-17T17:24:37","modified_gmt":"2025-07-17T17:24:37","slug":"estalla-huelga-de-trabajadores-agricolas-de-california-protestan-por-redadas-migrantes","status":"publish","type":"post","link":"https:\/\/interaccioninformativa.mx\/index.php\/2025\/07\/17\/estalla-huelga-de-trabajadores-agricolas-de-california-protestan-por-redadas-migrantes\/","title":{"rendered":"Estalla huelga de trabajadores agr\u00edcolas de California; protestan por redadas migrantes"},"content":{"rendered":"\n<div class=\"wp-block-media-text is-stacked-on-mobile\"><figure class=\"wp-block-media-text__media\"><img loading=\"lazy\" decoding=\"async\" width=\"1024\" height=\"751\" src=\"https:\/\/interaccioninformativa.mx\/wp-content\/uploads\/2025\/07\/estalla-huelga-de-trabajadores-agricolas-de-california-protestan-por-redadas-migrantes_bb861f43-085f-43b2-9ac3-fd22c40147f6_medialjnimgndimagefullsize-1024x751.webp\" alt=\"\" class=\"wp-image-838 size-full\" srcset=\"https:\/\/interaccioninformativa.mx\/wp-content\/uploads\/2025\/07\/estalla-huelga-de-trabajadores-agricolas-de-california-protestan-por-redadas-migrantes_bb861f43-085f-43b2-9ac3-fd22c40147f6_medialjnimgndimagefullsize-1024x751.webp 1024w, https:\/\/interaccioninformativa.mx\/wp-content\/uploads\/2025\/07\/estalla-huelga-de-trabajadores-agricolas-de-california-protestan-por-redadas-migrantes_bb861f43-085f-43b2-9ac3-fd22c40147f6_medialjnimgndimagefullsize-300x220.webp 300w, https:\/\/interaccioninformativa.mx\/wp-content\/uploads\/2025\/07\/estalla-huelga-de-trabajadores-agricolas-de-california-protestan-por-redadas-migrantes_bb861f43-085f-43b2-9ac3-fd22c40147f6_medialjnimgndimagefullsize-768x563.webp 768w, https:\/\/interaccioninformativa.mx\/wp-content\/uploads\/2025\/07\/estalla-huelga-de-trabajadores-agricolas-de-california-protestan-por-redadas-migrantes_bb861f43-085f-43b2-9ac3-fd22c40147f6_medialjnimgndimagefullsize.webp 1200w\" sizes=\"auto, (max-width: 1024px) 100vw, 1024px\" \/><\/figure><div class=\"wp-block-media-text__content\">\n<p>Trabajadores agr\u00edcolas en California iniciaron una huelga de tres d\u00edas, denominada \u201cHuelga por la dignidad\u201d, en protesta por las redadas migratorias.<\/p>\n<\/div><\/div>\n\n\n<p>Ciudad de M\u00e9xico. Los trabajadores agr\u00edcolas de California que iniciaron una huelga de tres d\u00edas en protesta por las recientes redadas migratorias, demandaron que se establezca una v\u00eda para el reconocimiento legal de los inmigrantes indocumentados que trabajan en el campo estadunidense.<\/p>\n<p>En el contexto de la llamada \u201cHuelga por la dignidad\u201d, los organizadores llamaron a los migrantes que laboran como jornaleros a unirse al paro \u201cpara defender nuestros derechos y hacer que nos valoren\u201d. Dos de sus exigencias son que se detengan las redadas migratorias y que el Congreso de Estados Unidos apruebe una v\u00eda a la ciudadan\u00eda para los trabajadores agr\u00edcolas.<\/p>","protected":false},"excerpt":{"rendered":"<div class=\"mh-excerpt\"><p>Trabajadores agr\u00edcolas en California iniciaron una huelga de tres d\u00edas, denominada \u201cHuelga por la dignidad\u201d, en protesta por las redadas migratorias. Ciudad de M\u00e9xico. Los <a class=\"mh-excerpt-more\" href=\"https:\/\/interaccioninformativa.mx\/index.php\/2025\/07\/17\/estalla-huelga-de-trabajadores-agricolas-de-california-protestan-por-redadas-migrantes\/\" title=\"Estalla huelga de trabajadores agr\u00edcolas de California; protestan por redadas migrantes\">[&#8230;]<\/a><\/p>\n<\/div>","protected":false},"author":1,"featured_media":838,"comment_status":"open","ping_status":"closed","sticky":false,"template":"","format":"standard","meta":{"footnotes":""},"categories":[1],"tags":[],"class_list":["post-837","post","type-post","status-publish","format-standard","has-post-thumbnail","hentry","category-noticias"],"_links":{"self":[{"href":"https:\/\/interaccioninformativa.mx\/index.php\/wp-json\/wp\/v2\/posts\/837","targetHints":{"allow":["GET"]}}],"collection":[{"href":"https:\/\/interaccioninformativa.mx\/index.php\/wp-json\/wp\/v2\/posts"}],"about":[{"href":"https:\/\/interaccioninformativa.mx\/index.php\/wp-json\/wp\/v2\/types\/post"}],"author":[{"embeddable":true,"href":"https:\/\/interaccioninformativa.mx\/index.php\/wp-json\/wp\/v2\/users\/1"}],"replies":[{"embeddable":true,"href":"https:\/\/interaccioninformativa.mx\/index.php\/wp-json\/wp\/v2\/comments?post=837"}],"version-history":[{"count":1,"href":"https:\/\/interaccioninformativa.mx\/index.php\/wp-json\/wp\/v2\/posts\/837\/revisions"}],"predecessor-version":[{"id":839,"href":"https:\/\/interaccioninformativa.mx\/index.php\/wp-json\/wp\/v2\/posts\/837\/revisions\/839"}],"wp:featuredmedia":[{"embeddable":true,"href":"https:\/\/interaccioninformativa.mx\/index.php\/wp-json\/wp\/v2\/media\/838"}],"wp:attachment":[{"href":"https:\/\/interaccioninformativa.mx\/index.php\/wp-json\/wp\/v2\/media?parent=837"}],"wp:term":[{"taxonomy":"category","embeddable":true,"href":"https:\/\/interaccioninformativa.mx\/index.php\/wp-json\/wp\/v2\/categories?post=837"},{"taxonomy":"post_tag","embeddable":true,"href":"https:\/\/interaccioninformativa.mx\/index.php\/wp-json\/wp\/v2\/tags?post=837"}],"curies":[{"name":"wp","href":"https:\/\/api.w.org\/{rel}","templated":true}]}}