{"id":84,"date":"2024-09-15T20:01:00","date_gmt":"2024-09-15T20:01:00","guid":{"rendered":"https:\/\/interaccioninformativa.mx\/?p=84"},"modified":"2025-07-11T20:01:54","modified_gmt":"2025-07-11T20:01:54","slug":"miguel-varela-es-un-triunfo-de-todas-y-todos-los-zacatecanos-marko-cortes","status":"publish","type":"post","link":"https:\/\/interaccioninformativa.mx\/index.php\/2024\/09\/15\/miguel-varela-es-un-triunfo-de-todas-y-todos-los-zacatecanos-marko-cortes\/","title":{"rendered":"Miguel Varela es un triunfo de todas y todos los zacatecanos: Marko Cort\u00e9s"},"content":{"rendered":"\n<div class=\"wp-block-media-text is-stacked-on-mobile\"><figure class=\"wp-block-media-text__media\"><img loading=\"lazy\" decoding=\"async\" width=\"1024\" height=\"1024\" src=\"https:\/\/interaccioninformativa.mx\/wp-content\/uploads\/2025\/07\/Miguel-Varela-es-un-triunfo-de-todas-y-todos-los-zacatecanos-Marko-Cortes-1024x1024.jpeg\" alt=\"\" class=\"wp-image-85 size-full\" srcset=\"https:\/\/interaccioninformativa.mx\/wp-content\/uploads\/2025\/07\/Miguel-Varela-es-un-triunfo-de-todas-y-todos-los-zacatecanos-Marko-Cortes-1024x1024.jpeg 1024w, https:\/\/interaccioninformativa.mx\/wp-content\/uploads\/2025\/07\/Miguel-Varela-es-un-triunfo-de-todas-y-todos-los-zacatecanos-Marko-Cortes-300x300.jpeg 300w, https:\/\/interaccioninformativa.mx\/wp-content\/uploads\/2025\/07\/Miguel-Varela-es-un-triunfo-de-todas-y-todos-los-zacatecanos-Marko-Cortes-150x150.jpeg 150w, https:\/\/interaccioninformativa.mx\/wp-content\/uploads\/2025\/07\/Miguel-Varela-es-un-triunfo-de-todas-y-todos-los-zacatecanos-Marko-Cortes-768x768.jpeg 768w, https:\/\/interaccioninformativa.mx\/wp-content\/uploads\/2025\/07\/Miguel-Varela-es-un-triunfo-de-todas-y-todos-los-zacatecanos-Marko-Cortes-1536x1536.jpeg 1536w, https:\/\/interaccioninformativa.mx\/wp-content\/uploads\/2025\/07\/Miguel-Varela-es-un-triunfo-de-todas-y-todos-los-zacatecanos-Marko-Cortes.jpeg 2048w\" sizes=\"auto, (max-width: 1024px) 100vw, 1024px\" \/><\/figure><div class=\"wp-block-media-text__content\">\n<p>El presidente nacional del PAN, Marko Cort\u00e9s Mendoza, asegur\u00f3 que el triunfo de Miguel Varela como alcalde es de todas y todos los zacatecanos, que confi\u00f3, tendr\u00e1n al mejor presidente municipal.<\/p>\n<\/div><\/div>\n\n\n<p>En la toma de protesta de Miguel Varela como presidente Municipal de Zacatecas, y acompa\u00f1ado por la secretaria general, Noem\u00ed Luna, el dirigente nacional celebr\u00f3 que finalmente se respet\u00f3 el voto de la gente y calific\u00f3 como \u201cdecepcionante y lamentable\u201d la posici\u00f3n de los magistrados locales, que quisieron quitarle el triunfo al PAN.<\/p>\n<p>&nbsp;<\/p>\n<p>Sin embargo, destac\u00f3 que fuera la Sala Superior del Tribunal Electoral del Poder Judicial de la Federaci\u00f3n, quien por unanimidad reconoci\u00f3 el triunfo irrefutable de Miguel Varela.<\/p>\n<p>&nbsp;<\/p>\n<p>\u201cPorque recuerden aquello que no mata siempre fortalece y hoy hay un Miguel Varela fortalecido\u201d, se\u00f1al\u00f3 y dijo estar presente en este evento para darle todo el respaldo y reconocimiento el pr\u00f3ximo alcalde, \u201cporque es un hombre que no se raja y que ha demostrado echarse para adelante con todo\u201d.<\/p>","protected":false},"excerpt":{"rendered":"<div class=\"mh-excerpt\"><p>El presidente nacional del PAN, Marko Cort\u00e9s Mendoza, asegur\u00f3 que el triunfo de Miguel Varela como alcalde es de todas y todos los zacatecanos, que <a class=\"mh-excerpt-more\" href=\"https:\/\/interaccioninformativa.mx\/index.php\/2024\/09\/15\/miguel-varela-es-un-triunfo-de-todas-y-todos-los-zacatecanos-marko-cortes\/\" title=\"Miguel Varela es un triunfo de todas y todos los zacatecanos: Marko Cort\u00e9s\">[&#8230;]<\/a><\/p>\n<\/div>","protected":false},"author":1,"featured_media":85,"comment_status":"open","ping_status":"closed","sticky":false,"template":"","format":"standard","meta":{"footnotes":""},"categories":[1],"tags":[],"class_list":["post-84","post","type-post","status-publish","format-standard","has-post-thumbnail","hentry","category-noticias"],"_links":{"self":[{"href":"https:\/\/interaccioninformativa.mx\/index.php\/wp-json\/wp\/v2\/posts\/84","targetHints":{"allow":["GET"]}}],"collection":[{"href":"https:\/\/interaccioninformativa.mx\/index.php\/wp-json\/wp\/v2\/posts"}],"about":[{"href":"https:\/\/interaccioninformativa.mx\/index.php\/wp-json\/wp\/v2\/types\/post"}],"author":[{"embeddable":true,"href":"https:\/\/interaccioninformativa.mx\/index.php\/wp-json\/wp\/v2\/users\/1"}],"replies":[{"embeddable":true,"href":"https:\/\/interaccioninformativa.mx\/index.php\/wp-json\/wp\/v2\/comments?post=84"}],"version-history":[{"count":1,"href":"https:\/\/interaccioninformativa.mx\/index.php\/wp-json\/wp\/v2\/posts\/84\/revisions"}],"predecessor-version":[{"id":86,"href":"https:\/\/interaccioninformativa.mx\/index.php\/wp-json\/wp\/v2\/posts\/84\/revisions\/86"}],"wp:featuredmedia":[{"embeddable":true,"href":"https:\/\/interaccioninformativa.mx\/index.php\/wp-json\/wp\/v2\/media\/85"}],"wp:attachment":[{"href":"https:\/\/interaccioninformativa.mx\/index.php\/wp-json\/wp\/v2\/media?parent=84"}],"wp:term":[{"taxonomy":"category","embeddable":true,"href":"https:\/\/interaccioninformativa.mx\/index.php\/wp-json\/wp\/v2\/categories?post=84"},{"taxonomy":"post_tag","embeddable":true,"href":"https:\/\/interaccioninformativa.mx\/index.php\/wp-json\/wp\/v2\/tags?post=84"}],"curies":[{"name":"wp","href":"https:\/\/api.w.org\/{rel}","templated":true}]}}