{"id":840,"date":"2025-07-17T17:29:13","date_gmt":"2025-07-17T17:29:13","guid":{"rendered":"https:\/\/interaccioninformativa.mx\/?p=840"},"modified":"2025-07-17T17:29:14","modified_gmt":"2025-07-17T17:29:14","slug":"decenas-de-muertos-en-un-gran-incendio-que-arraso-un-edificio-comercial-de-varios-pisos-en-el-este-de-iraq","status":"publish","type":"post","link":"https:\/\/interaccioninformativa.mx\/index.php\/2025\/07\/17\/decenas-de-muertos-en-un-gran-incendio-que-arraso-un-edificio-comercial-de-varios-pisos-en-el-este-de-iraq\/","title":{"rendered":"Decenas de muertos en un gran incendio que arras\u00f3 un edificio comercial de varios pisos en el este de Iraq"},"content":{"rendered":"\n<div class=\"wp-block-media-text is-stacked-on-mobile\"><figure class=\"wp-block-media-text__media\"><img loading=\"lazy\" decoding=\"async\" width=\"1011\" height=\"571\" src=\"https:\/\/interaccioninformativa.mx\/wp-content\/uploads\/2025\/07\/Captura-de-Pantalla-2025-07-17-a-las-11.27.17.png\" alt=\"\" class=\"wp-image-841 size-full\" srcset=\"https:\/\/interaccioninformativa.mx\/wp-content\/uploads\/2025\/07\/Captura-de-Pantalla-2025-07-17-a-las-11.27.17.png 1011w, https:\/\/interaccioninformativa.mx\/wp-content\/uploads\/2025\/07\/Captura-de-Pantalla-2025-07-17-a-las-11.27.17-300x169.png 300w, https:\/\/interaccioninformativa.mx\/wp-content\/uploads\/2025\/07\/Captura-de-Pantalla-2025-07-17-a-las-11.27.17-768x434.png 768w\" sizes=\"auto, (max-width: 1011px) 100vw, 1011px\" \/><\/figure><div class=\"wp-block-media-text__content\">\n<p><br>Un gran incendio arras\u00f3 un edificio comercial en la ciudad de Kut el mi\u00e9rcoles, al este de Iraq, matando a decenas de personas y dejando a una comunidad devastada.<\/p>\n<\/div><\/div>\n\n\n<p>Al menos 61 personas, entre ellas hombres, mujeres y ni\u00f1os, murieron en el incendio en el hipermercado Al-Kornish de cinco pisos, y decenas m\u00e1s fueron rescatadas del edificio en llamas, seg\u00fan un comunicado del Ministerio del Interior de Iraq el jueves por la ma\u00f1ana.<\/p>\n<p>\u201cEste desgarrador incendio se cobr\u00f3 la vida de 61 ciudadanos inocentes, la mayor\u00eda de los cuales murieron asfixiados en los ba\u00f1os debido al humo denso\u201d, declar\u00f3 el Ministerio del Interior y a\u00f1adi\u00f3 que se trat\u00f3 de \u201cun incidente profundamente tr\u00e1gico que ha sacudido la conciencia colectiva (de Iraq)\u201d. Los cuerpos de 14 personas permanecen sin identificar, agreg\u00f3.<\/p>\n<p>Un video compartido en Facebook y geolocalizado por CNN mostr\u00f3 un gran edificio de varios pisos en Kut envuelto en llamas, con un grupo de personas reunido en la azotea mientras los bomberos combat\u00edan el incendio.<\/p>\n<p>En otro video de las autoridades regionales se ve a personas recibiendo ayuda de socorristas a trav\u00e9s de peque\u00f1as ventanas.<\/p>\n<p>\u201cA pesar de la gravedad de la situaci\u00f3n, los equipos de Defensa Civil lograron rescatar heroicamente a m\u00e1s de 45 personas que estaban atrapadas dentro del edificio, con notable dedicaci\u00f3n y valent\u00eda\u201d, afirm\u00f3 el Ministerio del Interior.<\/p>\n<p>El edificio, que alojaba un restaurante y un hipermercado, solo llevaba abierto siete d\u00edas, indic\u00f3 el ministerio.<\/p>\n<p>El primer ministro de Iraq, Mohammed Shia al-Sudani, solicit\u00f3 el env\u00edo de un equipo m\u00e9dico totalmente equipado para apoyar los esfuerzos de rescate y orden\u00f3 al ministro del Interior que iniciara una investigaci\u00f3n de inmediato sobre la causa del incendio, seg\u00fan un comunicado publicado por su oficina.<\/p>\n<p>Al-Sudani expres\u00f3 sus m\u00e1s sinceras condolencias a las familias de los fallecidos y rez\u00f3 para que encuentren consuelo, seg\u00fan el comunicado.<\/p>\n<p>El ministro de Interior, Abdul Amir Al-Shanmari, dijo que una comisi\u00f3n de investigaci\u00f3n de alto nivel \u201cidentificar\u00eda todos los puntos de falla y responsabilidad\u201d y que cualquier parte \u201cque se considerase negligente\u201d ser\u00eda obligada a rendir cuentas.<\/p>\n<p>Mohammed Jameel Al-Mayahi, gobernador de la regi\u00f3n, ha declarado tres d\u00edas de luto por las v\u00edctimas del incendio en la regi\u00f3n de Wasit, de acuerdo con una publicaci\u00f3n en Facebook.<\/p>\n<p>Se desconoce de inmediato la causa del incendio, pero los resultados iniciales de la investigaci\u00f3n se publicar\u00e1n en 48 horas, seg\u00fan inform\u00f3 Al-Mayahi. A\u00f1adi\u00f3 que se ha presentado una demanda contra el propietario del edificio.<\/p>\n<p>Iraq ha sido testigo de incidentes mortales similares en el pasado, a menudo atribuidos a la falta de cumplimiento de las normas de defensa civil, a medidas de seguridad deficientes y a cortocircuitos el\u00e9ctricos.<\/p>\n<p>En abril de 2021, un incendio en el hospital Ibn al-Khatib de Bagdad se cobr\u00f3 la vida de m\u00e1s de 80 pacientes en una sala de aislamiento para covid-19 cuando explotaron los tanques de ox\u00edgeno.<\/p>\n<p>&nbsp;<\/p>","protected":false},"excerpt":{"rendered":"<div class=\"mh-excerpt\"><p>Un gran incendio arras\u00f3 un edificio comercial en la ciudad de Kut el mi\u00e9rcoles, al este de Iraq, matando a decenas de personas y dejando <a class=\"mh-excerpt-more\" href=\"https:\/\/interaccioninformativa.mx\/index.php\/2025\/07\/17\/decenas-de-muertos-en-un-gran-incendio-que-arraso-un-edificio-comercial-de-varios-pisos-en-el-este-de-iraq\/\" title=\"Decenas de muertos en un gran incendio que arras\u00f3 un edificio comercial de varios pisos en el este de Iraq\">[&#8230;]<\/a><\/p>\n<\/div>","protected":false},"author":1,"featured_media":841,"comment_status":"open","ping_status":"closed","sticky":false,"template":"","format":"standard","meta":{"footnotes":""},"categories":[1],"tags":[],"class_list":["post-840","post","type-post","status-publish","format-standard","has-post-thumbnail","hentry","category-noticias"],"_links":{"self":[{"href":"https:\/\/interaccioninformativa.mx\/index.php\/wp-json\/wp\/v2\/posts\/840","targetHints":{"allow":["GET"]}}],"collection":[{"href":"https:\/\/interaccioninformativa.mx\/index.php\/wp-json\/wp\/v2\/posts"}],"about":[{"href":"https:\/\/interaccioninformativa.mx\/index.php\/wp-json\/wp\/v2\/types\/post"}],"author":[{"embeddable":true,"href":"https:\/\/interaccioninformativa.mx\/index.php\/wp-json\/wp\/v2\/users\/1"}],"replies":[{"embeddable":true,"href":"https:\/\/interaccioninformativa.mx\/index.php\/wp-json\/wp\/v2\/comments?post=840"}],"version-history":[{"count":1,"href":"https:\/\/interaccioninformativa.mx\/index.php\/wp-json\/wp\/v2\/posts\/840\/revisions"}],"predecessor-version":[{"id":842,"href":"https:\/\/interaccioninformativa.mx\/index.php\/wp-json\/wp\/v2\/posts\/840\/revisions\/842"}],"wp:featuredmedia":[{"embeddable":true,"href":"https:\/\/interaccioninformativa.mx\/index.php\/wp-json\/wp\/v2\/media\/841"}],"wp:attachment":[{"href":"https:\/\/interaccioninformativa.mx\/index.php\/wp-json\/wp\/v2\/media?parent=840"}],"wp:term":[{"taxonomy":"category","embeddable":true,"href":"https:\/\/interaccioninformativa.mx\/index.php\/wp-json\/wp\/v2\/categories?post=840"},{"taxonomy":"post_tag","embeddable":true,"href":"https:\/\/interaccioninformativa.mx\/index.php\/wp-json\/wp\/v2\/tags?post=840"}],"curies":[{"name":"wp","href":"https:\/\/api.w.org\/{rel}","templated":true}]}}