{"id":854,"date":"2025-07-22T16:47:15","date_gmt":"2025-07-22T16:47:15","guid":{"rendered":"https:\/\/interaccioninformativa.mx\/?p=854"},"modified":"2025-07-22T16:47:16","modified_gmt":"2025-07-22T16:47:16","slug":"detienen-a-kevin-n-presunto-feminicida-de-karla-banuelos-asesinada-en-guadalajara","status":"publish","type":"post","link":"https:\/\/interaccioninformativa.mx\/index.php\/2025\/07\/22\/detienen-a-kevin-n-presunto-feminicida-de-karla-banuelos-asesinada-en-guadalajara\/","title":{"rendered":"Detienen a Kevin &#8216;N&#8217;, presunto feminicida de Karla Ba\u00f1uelos asesinada en Guadalajara"},"content":{"rendered":"\n<div class=\"wp-block-media-text is-stacked-on-mobile\"><figure class=\"wp-block-media-text__media\"><img loading=\"lazy\" decoding=\"async\" width=\"687\" height=\"380\" src=\"https:\/\/interaccioninformativa.mx\/wp-content\/uploads\/2025\/07\/Captura-de-Pantalla-2025-07-22-a-las-10.20.02-1.png\" alt=\"\" class=\"wp-image-857 size-full\" srcset=\"https:\/\/interaccioninformativa.mx\/wp-content\/uploads\/2025\/07\/Captura-de-Pantalla-2025-07-22-a-las-10.20.02-1.png 687w, https:\/\/interaccioninformativa.mx\/wp-content\/uploads\/2025\/07\/Captura-de-Pantalla-2025-07-22-a-las-10.20.02-1-300x166.png 300w\" sizes=\"auto, (max-width: 687px) 100vw, 687px\" \/><\/figure><div class=\"wp-block-media-text__content\">\n<p>La agresi\u00f3n se suscit\u00f3 el fin de semana pasado cuando el presunto responsable con un fusil dispar\u00f3 contra la occisa luego de que lo corri\u00f3 de su casa en la colonia Balcones de Oblatos de Guadalajara, Jalisco. De acuerdo con el video de una c\u00e1mara que capt\u00f3 el feminicidio, el perpetrador escap\u00f3 a bordo de una camioneta Chevrolet Equinox blanca, sin placa trasera, en la cual lleg\u00f3 al lugar del crimen.<\/p>\n<\/div><\/div>\n","protected":false},"excerpt":{"rendered":"<div class=\"mh-excerpt\"><p>La agresi\u00f3n se suscit\u00f3 el fin de semana pasado cuando el presunto responsable con un fusil dispar\u00f3 contra la occisa luego de que lo corri\u00f3 <a class=\"mh-excerpt-more\" href=\"https:\/\/interaccioninformativa.mx\/index.php\/2025\/07\/22\/detienen-a-kevin-n-presunto-feminicida-de-karla-banuelos-asesinada-en-guadalajara\/\" title=\"Detienen a Kevin &#8216;N&#8217;, presunto feminicida de Karla Ba\u00f1uelos asesinada en Guadalajara\">[&#8230;]<\/a><\/p>\n<\/div>","protected":false},"author":1,"featured_media":857,"comment_status":"open","ping_status":"closed","sticky":false,"template":"","format":"standard","meta":{"footnotes":""},"categories":[1],"tags":[],"class_list":["post-854","post","type-post","status-publish","format-standard","has-post-thumbnail","hentry","category-noticias"],"_links":{"self":[{"href":"https:\/\/interaccioninformativa.mx\/index.php\/wp-json\/wp\/v2\/posts\/854","targetHints":{"allow":["GET"]}}],"collection":[{"href":"https:\/\/interaccioninformativa.mx\/index.php\/wp-json\/wp\/v2\/posts"}],"about":[{"href":"https:\/\/interaccioninformativa.mx\/index.php\/wp-json\/wp\/v2\/types\/post"}],"author":[{"embeddable":true,"href":"https:\/\/interaccioninformativa.mx\/index.php\/wp-json\/wp\/v2\/users\/1"}],"replies":[{"embeddable":true,"href":"https:\/\/interaccioninformativa.mx\/index.php\/wp-json\/wp\/v2\/comments?post=854"}],"version-history":[{"count":1,"href":"https:\/\/interaccioninformativa.mx\/index.php\/wp-json\/wp\/v2\/posts\/854\/revisions"}],"predecessor-version":[{"id":858,"href":"https:\/\/interaccioninformativa.mx\/index.php\/wp-json\/wp\/v2\/posts\/854\/revisions\/858"}],"wp:featuredmedia":[{"embeddable":true,"href":"https:\/\/interaccioninformativa.mx\/index.php\/wp-json\/wp\/v2\/media\/857"}],"wp:attachment":[{"href":"https:\/\/interaccioninformativa.mx\/index.php\/wp-json\/wp\/v2\/media?parent=854"}],"wp:term":[{"taxonomy":"category","embeddable":true,"href":"https:\/\/interaccioninformativa.mx\/index.php\/wp-json\/wp\/v2\/categories?post=854"},{"taxonomy":"post_tag","embeddable":true,"href":"https:\/\/interaccioninformativa.mx\/index.php\/wp-json\/wp\/v2\/tags?post=854"}],"curies":[{"name":"wp","href":"https:\/\/api.w.org\/{rel}","templated":true}]}}