{"id":862,"date":"2025-07-22T18:11:18","date_gmt":"2025-07-22T18:11:18","guid":{"rendered":"https:\/\/interaccioninformativa.mx\/?p=862"},"modified":"2025-07-22T18:11:19","modified_gmt":"2025-07-22T18:11:19","slug":"ovidio-guzman-sigue-bajo-custodia-de-eu-no-esta-libre-senala-garcia-harfuch","status":"publish","type":"post","link":"https:\/\/interaccioninformativa.mx\/index.php\/2025\/07\/22\/ovidio-guzman-sigue-bajo-custodia-de-eu-no-esta-libre-senala-garcia-harfuch\/","title":{"rendered":"Ovidio Guzm\u00e1n sigue bajo custodia de EU, no est\u00e1 libre, se\u00f1ala Garc\u00eda Harfuch"},"content":{"rendered":"\n<div class=\"wp-block-media-text is-stacked-on-mobile\"><figure class=\"wp-block-media-text__media\"><img loading=\"lazy\" decoding=\"async\" width=\"942\" height=\"532\" src=\"https:\/\/interaccioninformativa.mx\/wp-content\/uploads\/2025\/07\/omar-garcia-harfuch-recordo-soldados.webp\" alt=\"\" class=\"wp-image-863 size-full\" srcset=\"https:\/\/interaccioninformativa.mx\/wp-content\/uploads\/2025\/07\/omar-garcia-harfuch-recordo-soldados.webp 942w, https:\/\/interaccioninformativa.mx\/wp-content\/uploads\/2025\/07\/omar-garcia-harfuch-recordo-soldados-300x169.webp 300w, https:\/\/interaccioninformativa.mx\/wp-content\/uploads\/2025\/07\/omar-garcia-harfuch-recordo-soldados-768x434.webp 768w\" sizes=\"auto, (max-width: 942px) 100vw, 942px\" \/><\/figure><div class=\"wp-block-media-text__content\">\n<p>Si bien ha tomado un criterio de oportunidad, no quiere decir que est\u00e9 libre o que haya indicios de que vaya a salir libre pronto, aclara el secretario de Seguridad.<\/p>\n<\/div><\/div>\n\n\n<p>El secretario de Seguridad y Protecci\u00f3n Ciudadana, Omar Garc\u00eda Harfuch, precis\u00f3 que\u00a0Ovidio Guzm\u00e1n, uno de los l\u00edderes de la facci\u00f3n del C\u00e1rtel de Sinaloa de Los Chapitos, est\u00e1 bajo custodia en una prisi\u00f3n de la Uni\u00f3n Americana.<\/p>\n<p>\u201cEst\u00e1 confirmado que Ovidio no est\u00e1 libre, que sigue bajo custodia, que sigue en prisi\u00f3n, pero como se mencion\u00f3, fue detenido por autoridades mexicanas y entregado a Estados Unidos, bajo el tratado de extradici\u00f3n. No tenemos conocimiento si es de menor seguridad, lo que s\u00ed tenemos confirmado hasta el d\u00eda de ayer es que est\u00e1 bajo custodia, que est\u00e1 en prisi\u00f3n y que contin\u00faa detenido\u201d, expuso.<br \/><br \/><\/p>","protected":false},"excerpt":{"rendered":"<div class=\"mh-excerpt\"><p>Si bien ha tomado un criterio de oportunidad, no quiere decir que est\u00e9 libre o que haya indicios de que vaya a salir libre pronto, <a class=\"mh-excerpt-more\" href=\"https:\/\/interaccioninformativa.mx\/index.php\/2025\/07\/22\/ovidio-guzman-sigue-bajo-custodia-de-eu-no-esta-libre-senala-garcia-harfuch\/\" title=\"Ovidio Guzm\u00e1n sigue bajo custodia de EU, no est\u00e1 libre, se\u00f1ala Garc\u00eda Harfuch\">[&#8230;]<\/a><\/p>\n<\/div>","protected":false},"author":1,"featured_media":863,"comment_status":"open","ping_status":"closed","sticky":false,"template":"","format":"standard","meta":{"footnotes":""},"categories":[1],"tags":[],"class_list":["post-862","post","type-post","status-publish","format-standard","has-post-thumbnail","hentry","category-noticias"],"_links":{"self":[{"href":"https:\/\/interaccioninformativa.mx\/index.php\/wp-json\/wp\/v2\/posts\/862","targetHints":{"allow":["GET"]}}],"collection":[{"href":"https:\/\/interaccioninformativa.mx\/index.php\/wp-json\/wp\/v2\/posts"}],"about":[{"href":"https:\/\/interaccioninformativa.mx\/index.php\/wp-json\/wp\/v2\/types\/post"}],"author":[{"embeddable":true,"href":"https:\/\/interaccioninformativa.mx\/index.php\/wp-json\/wp\/v2\/users\/1"}],"replies":[{"embeddable":true,"href":"https:\/\/interaccioninformativa.mx\/index.php\/wp-json\/wp\/v2\/comments?post=862"}],"version-history":[{"count":1,"href":"https:\/\/interaccioninformativa.mx\/index.php\/wp-json\/wp\/v2\/posts\/862\/revisions"}],"predecessor-version":[{"id":864,"href":"https:\/\/interaccioninformativa.mx\/index.php\/wp-json\/wp\/v2\/posts\/862\/revisions\/864"}],"wp:featuredmedia":[{"embeddable":true,"href":"https:\/\/interaccioninformativa.mx\/index.php\/wp-json\/wp\/v2\/media\/863"}],"wp:attachment":[{"href":"https:\/\/interaccioninformativa.mx\/index.php\/wp-json\/wp\/v2\/media?parent=862"}],"wp:term":[{"taxonomy":"category","embeddable":true,"href":"https:\/\/interaccioninformativa.mx\/index.php\/wp-json\/wp\/v2\/categories?post=862"},{"taxonomy":"post_tag","embeddable":true,"href":"https:\/\/interaccioninformativa.mx\/index.php\/wp-json\/wp\/v2\/tags?post=862"}],"curies":[{"name":"wp","href":"https:\/\/api.w.org\/{rel}","templated":true}]}}