{"id":896,"date":"2025-07-29T17:16:49","date_gmt":"2025-07-29T17:16:49","guid":{"rendered":"https:\/\/interaccioninformativa.mx\/?p=896"},"modified":"2025-07-29T17:19:37","modified_gmt":"2025-07-29T17:19:37","slug":"expropiara-sict-terrenos-en-edomex-para-tren-al-aifa","status":"publish","type":"post","link":"https:\/\/interaccioninformativa.mx\/index.php\/2025\/07\/29\/expropiara-sict-terrenos-en-edomex-para-tren-al-aifa\/","title":{"rendered":"Expropiar\u00e1 SICT terrenos en Edomex para tren al AIFA"},"content":{"rendered":"\n<div class=\"wp-block-media-text is-stacked-on-mobile\"><figure class=\"wp-block-media-text__media\"><img loading=\"lazy\" decoding=\"async\" width=\"942\" height=\"532\" src=\"https:\/\/interaccioninformativa.mx\/wp-content\/uploads\/2025\/07\/aeropuerto-internacional-felipe-angeles-aifa.webp\" alt=\"\" class=\"wp-image-897 size-full\" srcset=\"https:\/\/interaccioninformativa.mx\/wp-content\/uploads\/2025\/07\/aeropuerto-internacional-felipe-angeles-aifa.webp 942w, https:\/\/interaccioninformativa.mx\/wp-content\/uploads\/2025\/07\/aeropuerto-internacional-felipe-angeles-aifa-300x169.webp 300w, https:\/\/interaccioninformativa.mx\/wp-content\/uploads\/2025\/07\/aeropuerto-internacional-felipe-angeles-aifa-768x434.webp 768w\" sizes=\"auto, (max-width: 942px) 100vw, 942px\" \/><\/figure><div class=\"wp-block-media-text__content\">\n<p>El espacio para este proceso tiene una extensi\u00f3n de 24 mil 284 metros cuadrados.<\/p>\n<\/div><\/div>\n\n\n<p>La Secretar\u00eda de Infraestructura Comunicaciones y Transportes (SICT) realizar\u00e1 la expropiaci\u00f3n de un terreno de 24 mil 284 metros cuadrados en el municipio de Nextlalpan, Estado de M\u00e9xico, como parte de los trabajos de construcci\u00f3n del tren de pasajeros que ir\u00e1 hacia el Aeropuerto Internacional Felipe \u00c1ngeles (AIFA).<\/p>\n<p>En un reporte en el Diario Oficial de la Federaci\u00f3n, la SICT especific\u00f3 que en este espacio se har\u00e1 la construcci\u00f3n del puente superior vehicular \u00abNextlalpan\u00bb, como parte del proyecto de ampliaci\u00f3n de la L\u00ednea 1 del Tren Suburbano hacia el AIFA.<\/p>","protected":false},"excerpt":{"rendered":"<div class=\"mh-excerpt\"><p>El espacio para este proceso tiene una extensi\u00f3n de 24 mil 284 metros cuadrados. La Secretar\u00eda de Infraestructura Comunicaciones y Transportes (SICT) realizar\u00e1 la expropiaci\u00f3n <a class=\"mh-excerpt-more\" href=\"https:\/\/interaccioninformativa.mx\/index.php\/2025\/07\/29\/expropiara-sict-terrenos-en-edomex-para-tren-al-aifa\/\" title=\"Expropiar\u00e1 SICT terrenos en Edomex para tren al AIFA\">[&#8230;]<\/a><\/p>\n<\/div>","protected":false},"author":1,"featured_media":897,"comment_status":"open","ping_status":"closed","sticky":false,"template":"","format":"standard","meta":{"footnotes":""},"categories":[1],"tags":[],"class_list":["post-896","post","type-post","status-publish","format-standard","has-post-thumbnail","hentry","category-noticias"],"_links":{"self":[{"href":"https:\/\/interaccioninformativa.mx\/index.php\/wp-json\/wp\/v2\/posts\/896","targetHints":{"allow":["GET"]}}],"collection":[{"href":"https:\/\/interaccioninformativa.mx\/index.php\/wp-json\/wp\/v2\/posts"}],"about":[{"href":"https:\/\/interaccioninformativa.mx\/index.php\/wp-json\/wp\/v2\/types\/post"}],"author":[{"embeddable":true,"href":"https:\/\/interaccioninformativa.mx\/index.php\/wp-json\/wp\/v2\/users\/1"}],"replies":[{"embeddable":true,"href":"https:\/\/interaccioninformativa.mx\/index.php\/wp-json\/wp\/v2\/comments?post=896"}],"version-history":[{"count":1,"href":"https:\/\/interaccioninformativa.mx\/index.php\/wp-json\/wp\/v2\/posts\/896\/revisions"}],"predecessor-version":[{"id":898,"href":"https:\/\/interaccioninformativa.mx\/index.php\/wp-json\/wp\/v2\/posts\/896\/revisions\/898"}],"wp:featuredmedia":[{"embeddable":true,"href":"https:\/\/interaccioninformativa.mx\/index.php\/wp-json\/wp\/v2\/media\/897"}],"wp:attachment":[{"href":"https:\/\/interaccioninformativa.mx\/index.php\/wp-json\/wp\/v2\/media?parent=896"}],"wp:term":[{"taxonomy":"category","embeddable":true,"href":"https:\/\/interaccioninformativa.mx\/index.php\/wp-json\/wp\/v2\/categories?post=896"},{"taxonomy":"post_tag","embeddable":true,"href":"https:\/\/interaccioninformativa.mx\/index.php\/wp-json\/wp\/v2\/tags?post=896"}],"curies":[{"name":"wp","href":"https:\/\/api.w.org\/{rel}","templated":true}]}}