{"id":903,"date":"2025-07-30T16:41:07","date_gmt":"2025-07-30T16:41:07","guid":{"rendered":"https:\/\/interaccioninformativa.mx\/?p=903"},"modified":"2025-07-30T16:41:08","modified_gmt":"2025-07-30T16:41:08","slug":"mega-bloqueo-hoy-en-cdmx-por-comerciantes-vialidades-afectadas","status":"publish","type":"post","link":"https:\/\/interaccioninformativa.mx\/index.php\/2025\/07\/30\/mega-bloqueo-hoy-en-cdmx-por-comerciantes-vialidades-afectadas\/","title":{"rendered":"Mega bloqueo HOY en CDMX por comerciantes: vialidades afectadas"},"content":{"rendered":"\n<div class=\"wp-block-media-text is-stacked-on-mobile\"><figure class=\"wp-block-media-text__media\"><img loading=\"lazy\" decoding=\"async\" width=\"770\" height=\"530\" src=\"https:\/\/interaccioninformativa.mx\/wp-content\/uploads\/2025\/07\/3350706.webp\" alt=\"\" class=\"wp-image-904 size-full\" srcset=\"https:\/\/interaccioninformativa.mx\/wp-content\/uploads\/2025\/07\/3350706.webp 770w, https:\/\/interaccioninformativa.mx\/wp-content\/uploads\/2025\/07\/3350706-300x206.webp 300w, https:\/\/interaccioninformativa.mx\/wp-content\/uploads\/2025\/07\/3350706-768x529.webp 768w\" sizes=\"auto, (max-width: 770px) 100vw, 770px\" \/><\/figure><div class=\"wp-block-media-text__content\">\n<p>Comerciantes convocaron a un mega bloqueo en la CDMX hoy mi\u00e9rcoles 30 de julio, en al menos 17 puntos de la capital.<\/p>\n<\/div><\/div>\n\n\n<p>Comerciantes convocaron a un mega bloqueo en la Ciudad de M\u00e9xico (CDMX) hoy, mi\u00e9rcoles 30 de julio, en al menos 17 puntos de la capital del pa\u00eds.<\/p>\n<p>Se trata de la segunda movilizaci\u00f3n, luego de la ocurrida el pasado 23 de julio, cuando tambi\u00e9n se afectaron diversas vialidades en la CDMX.<br \/>El mega bloqueo se debe a la falta de respuesta del Congreso de la Ciudad de M\u00e9xico ante sus demandas.<\/p>\n<p>Mega bloqueo hoy en CDMX: puntos afectados<br \/>La Secretar\u00eda de Seguridad Ciudadana (SSC) incluy\u00f3 el mega bloqueo en su agenda de movilizaciones para el d\u00eda de hoy y comparti\u00f3 los puntos afectados a partir de las 10:00 horas:<\/p>\n<p>Glorieta de Camarones \u2013 Av. Camarones y Av. Cuitl\u00e1huac, Col. Claver\u00eda, Alc. Azcapotzalco<br \/>La Constancia y Av. R\u00edo Blanco \u2013 Col. Industrial, Alc. Gustavo A. Madero<br \/>Mercado 204 San Juan de Arag\u00f3n U 7 \u2013 Av. 414 No. 110, Col. San Juan de Arag\u00f3n, Alc. Gustavo A. Madero<br \/>Av. Montevideo No. 500 \u2013 Col. San Bartolo Atepehuacan, Alc. Gustavo A. Madero<br \/>Anillo Perif\u00e9rico y Circuito Estadio Azteca \u2013 Col. El Caracol, Alc. Coyoac\u00e1n<br \/>M\u00e1rtires Irlandeses s\/n \u2013 Col. San Mateo, Alc. Coyoac\u00e1n<br \/>H. Congreso de la Uni\u00f3n y Av. Morelos \u2013 Col. Magdalena Mixhuca, Alc. Venustiano Carranza<br \/>H. Congreso de la Uni\u00f3n y Av. Fray Servando Teresa de Mier \u2013 Col. Merced Balbuena, Alc. Venustiano Carranza<br \/>Estaci\u00f3n del Metro \u201cTacubaya\u201d \u2013 Arquitecto Carlos Lazo s\/n, Col. Tacubaya, Alc. Miguel Hidalgo<br \/>Prol. Divisi\u00f3n del Norte y Av. Guadalupe I. Ram\u00edrez \u2013 Col. Ampliaci\u00f3n San Marcos Norte, Alc. Xochimilco<br \/>Medell\u00edn y Campeche \u2013 Col. Roma Sur, Alc. Cuauht\u00e9moc<br \/>Mercado Santa Mar\u00eda Nonoalco \u2013 Francisco Girard\u00f3n No. 31, Col. Santa Mar\u00eda Nonoalco, Alc. \u00c1lvaro Obreg\u00f3n<br \/>Mercado Cerro del Jud\u00edo \u2013 Independencia s\/n, Lote 83, Col. Barros Sierra, Alc. Magdalena Contreras<br \/>Av. Pdte. Plutarco El\u00edas Calles y Av. R\u00edo Churubusco \u2013 Col. Granjas M\u00e9xico, Alc. Iztacalco<br \/>Estaci\u00f3n del Metro \u201cTepalcates\u201d \u2013 Calz. Ignacio Zaragoza, Col. Juan Escutia, Alc. Iztapalapa<br \/>Carretera M\u00e9xico-Toluca, entrada a Santa Fe \u2013 Col. El Yaqui, Alc. Cuajimalpa<br \/>Estaci\u00f3n del Metrob\u00fas \u201cEtiop\u00eda\u201d \u2013 Av. Cuauht\u00e9moc y Av. Xola, Col. Narvarte Poniente, Alc. Benito Ju\u00e1rez<br \/>De acuerdo con el comunicado del Movimiento Plural de Comerciantes de Mercados P\u00fablicos de la Ciudad de M\u00e9xico, la movilizaci\u00f3n se debe a su oposici\u00f3n al Programa de Abasto Popular en la capital del pa\u00eds, el cual es promovido por concejales, diputados y operadores pol\u00edticos de todos los partidos.<\/p>\n<p>Este programa tiene como argumento beneficiar a familias de bajos recursos, lo que, seg\u00fan los comerciantes, ha dado lugar a la politizaci\u00f3n de la actividad comercial, provocando una ca\u00edda de entre 40 y 50 % en las ventas de mercados y peque\u00f1os comercios de barrios y colonias.<\/p>\n<p>Para esta protesta, se convoc\u00f3 a alrededor de mil 500 personas.<\/p>\n<p>Alternativas viales<br \/>La SSC recomend\u00f3 a la ciudadan\u00eda tomar precauciones, anticipar sus traslados y considerar rutas alternas. Como opciones, el Centro de Orientaci\u00f3n Vial de la SSC sugiri\u00f3 utilizar las siguientes alternativas viales:<\/p>\n<p>Azcapotzalco: avenida Aquiles Serd\u00e1n, Eje 5 Norte, calzada Vallejo y M\u00e9xico-Tacuba<br \/>Gustavo A. Madero, avenida Insurgentes, calzada De Guadalupe, los Ejes 1 y 2 Oriente.<br \/>Coyoac\u00e1n: Viaducto Tlalpan, avenida Aztecas y avenida Insurgentes.<br \/>Venustiano Carranza: calzada San Antonio Abad, Lorenzo Boturini, los Ejes 1 y 3 Oriente.<br \/>Miguel Hidalgo: Anillo Perif\u00e9rico y Eje 4 Sur.<br \/>Xochimilco, Milpa Alta y Tl\u00e1huac: Prolongaci\u00f3n Acueducto, Perif\u00e9rico y avenida Muyuguarda.<br \/>Cuauht\u00e9moc: avenida Insurgentes y \u00c1lvaro Obreg\u00f3n.<br \/>Iztapalapa: Av. Texcoco, Eje 6 Sur.<br \/>Cuajimalpa: Autopista M\u00e9xico-Toluca.<br \/>Benito Ju\u00e1rez: Doctor V\u00e9rtiz, Casa del Obrero Mundial y Divisi\u00f3n del Norte.<br \/>Recomendaciones<br \/>Ante el mega bloqueo anunciado, se recomienda a las personas que transiten por la CDMX evitar las zonas mencionadas y buscar v\u00edas alternas en tiempo real, utilizando herramientas que contribuyan a encontrar rutas por las que se pueda circular.<\/p>\n<p>La SSC indic\u00f3 que, personal de la Subsecretar\u00eda de Concertaci\u00f3n Pol\u00edtica, Prevenci\u00f3n y Buen Gobierno (SCPPyBG), acompa\u00f1ar\u00e1 y se mantendr\u00e1 atento en todos los puntos para mediar y dialogar con los manifestantes.<\/p>\n<p>&nbsp;<\/p>","protected":false},"excerpt":{"rendered":"<div class=\"mh-excerpt\"><p>Comerciantes convocaron a un mega bloqueo en la CDMX hoy mi\u00e9rcoles 30 de julio, en al menos 17 puntos de la capital. Comerciantes convocaron a <a class=\"mh-excerpt-more\" href=\"https:\/\/interaccioninformativa.mx\/index.php\/2025\/07\/30\/mega-bloqueo-hoy-en-cdmx-por-comerciantes-vialidades-afectadas\/\" title=\"Mega bloqueo HOY en CDMX por comerciantes: vialidades afectadas\">[&#8230;]<\/a><\/p>\n<\/div>","protected":false},"author":1,"featured_media":904,"comment_status":"open","ping_status":"closed","sticky":false,"template":"","format":"standard","meta":{"footnotes":""},"categories":[4],"tags":[],"class_list":["post-903","post","type-post","status-publish","format-standard","has-post-thumbnail","hentry","category-noticias2"],"_links":{"self":[{"href":"https:\/\/interaccioninformativa.mx\/index.php\/wp-json\/wp\/v2\/posts\/903","targetHints":{"allow":["GET"]}}],"collection":[{"href":"https:\/\/interaccioninformativa.mx\/index.php\/wp-json\/wp\/v2\/posts"}],"about":[{"href":"https:\/\/interaccioninformativa.mx\/index.php\/wp-json\/wp\/v2\/types\/post"}],"author":[{"embeddable":true,"href":"https:\/\/interaccioninformativa.mx\/index.php\/wp-json\/wp\/v2\/users\/1"}],"replies":[{"embeddable":true,"href":"https:\/\/interaccioninformativa.mx\/index.php\/wp-json\/wp\/v2\/comments?post=903"}],"version-history":[{"count":1,"href":"https:\/\/interaccioninformativa.mx\/index.php\/wp-json\/wp\/v2\/posts\/903\/revisions"}],"predecessor-version":[{"id":905,"href":"https:\/\/interaccioninformativa.mx\/index.php\/wp-json\/wp\/v2\/posts\/903\/revisions\/905"}],"wp:featuredmedia":[{"embeddable":true,"href":"https:\/\/interaccioninformativa.mx\/index.php\/wp-json\/wp\/v2\/media\/904"}],"wp:attachment":[{"href":"https:\/\/interaccioninformativa.mx\/index.php\/wp-json\/wp\/v2\/media?parent=903"}],"wp:term":[{"taxonomy":"category","embeddable":true,"href":"https:\/\/interaccioninformativa.mx\/index.php\/wp-json\/wp\/v2\/categories?post=903"},{"taxonomy":"post_tag","embeddable":true,"href":"https:\/\/interaccioninformativa.mx\/index.php\/wp-json\/wp\/v2\/tags?post=903"}],"curies":[{"name":"wp","href":"https:\/\/api.w.org\/{rel}","templated":true}]}}