{"id":918,"date":"2025-08-13T00:11:42","date_gmt":"2025-08-13T00:11:42","guid":{"rendered":"https:\/\/interaccioninformativa.mx\/?p=918"},"modified":"2025-08-13T00:11:43","modified_gmt":"2025-08-13T00:11:43","slug":"como-y-cuando-ver-la-lluvia-de-estrellas-mas-intensa-del-verano","status":"publish","type":"post","link":"https:\/\/interaccioninformativa.mx\/index.php\/2025\/08\/13\/como-y-cuando-ver-la-lluvia-de-estrellas-mas-intensa-del-verano\/","title":{"rendered":"c\u00f3mo y cu\u00e1ndo ver la lluvia de estrellas m\u00e1s intensa del verano"},"content":{"rendered":"\n<div class=\"wp-block-media-text is-stacked-on-mobile\"><figure class=\"wp-block-media-text__media\"><img loading=\"lazy\" decoding=\"async\" width=\"1024\" height=\"683\" src=\"https:\/\/interaccioninformativa.mx\/wp-content\/uploads\/2025\/08\/LNLHYWQSZBDETBHRWUQ57A6V4E-1024x683.avif\" alt=\"\" class=\"wp-image-919 size-full\" srcset=\"https:\/\/interaccioninformativa.mx\/wp-content\/uploads\/2025\/08\/LNLHYWQSZBDETBHRWUQ57A6V4E-1024x683.avif 1024w, https:\/\/interaccioninformativa.mx\/wp-content\/uploads\/2025\/08\/LNLHYWQSZBDETBHRWUQ57A6V4E-300x200.avif 300w, https:\/\/interaccioninformativa.mx\/wp-content\/uploads\/2025\/08\/LNLHYWQSZBDETBHRWUQ57A6V4E-768x512.avif 768w, https:\/\/interaccioninformativa.mx\/wp-content\/uploads\/2025\/08\/LNLHYWQSZBDETBHRWUQ57A6V4E.avif 1200w\" sizes=\"auto, (max-width: 1024px) 100vw, 1024px\" \/><\/figure><div class=\"wp-block-media-text__content\">\n<p>Las \u2018l\u00e1grimas de San Lorenzo\u2019, famosas por su alta concentraci\u00f3n de meteoros multicolor, alcanzar\u00e1n su pico de intensidad la noche del 12 y la madrugada del 13 de agosto<\/p>\n<\/div><\/div>\n","protected":false},"excerpt":{"rendered":"<div class=\"mh-excerpt\"><p>Las \u2018l\u00e1grimas de San Lorenzo\u2019, famosas por su alta concentraci\u00f3n de meteoros multicolor, alcanzar\u00e1n su pico de intensidad la noche del 12 y la madrugada <a class=\"mh-excerpt-more\" href=\"https:\/\/interaccioninformativa.mx\/index.php\/2025\/08\/13\/como-y-cuando-ver-la-lluvia-de-estrellas-mas-intensa-del-verano\/\" title=\"c\u00f3mo y cu\u00e1ndo ver la lluvia de estrellas m\u00e1s intensa del verano\">[&#8230;]<\/a><\/p>\n<\/div>","protected":false},"author":1,"featured_media":919,"comment_status":"open","ping_status":"closed","sticky":false,"template":"","format":"standard","meta":{"footnotes":""},"categories":[1],"tags":[],"class_list":["post-918","post","type-post","status-publish","format-standard","has-post-thumbnail","hentry","category-noticias"],"_links":{"self":[{"href":"https:\/\/interaccioninformativa.mx\/index.php\/wp-json\/wp\/v2\/posts\/918","targetHints":{"allow":["GET"]}}],"collection":[{"href":"https:\/\/interaccioninformativa.mx\/index.php\/wp-json\/wp\/v2\/posts"}],"about":[{"href":"https:\/\/interaccioninformativa.mx\/index.php\/wp-json\/wp\/v2\/types\/post"}],"author":[{"embeddable":true,"href":"https:\/\/interaccioninformativa.mx\/index.php\/wp-json\/wp\/v2\/users\/1"}],"replies":[{"embeddable":true,"href":"https:\/\/interaccioninformativa.mx\/index.php\/wp-json\/wp\/v2\/comments?post=918"}],"version-history":[{"count":1,"href":"https:\/\/interaccioninformativa.mx\/index.php\/wp-json\/wp\/v2\/posts\/918\/revisions"}],"predecessor-version":[{"id":920,"href":"https:\/\/interaccioninformativa.mx\/index.php\/wp-json\/wp\/v2\/posts\/918\/revisions\/920"}],"wp:featuredmedia":[{"embeddable":true,"href":"https:\/\/interaccioninformativa.mx\/index.php\/wp-json\/wp\/v2\/media\/919"}],"wp:attachment":[{"href":"https:\/\/interaccioninformativa.mx\/index.php\/wp-json\/wp\/v2\/media?parent=918"}],"wp:term":[{"taxonomy":"category","embeddable":true,"href":"https:\/\/interaccioninformativa.mx\/index.php\/wp-json\/wp\/v2\/categories?post=918"},{"taxonomy":"post_tag","embeddable":true,"href":"https:\/\/interaccioninformativa.mx\/index.php\/wp-json\/wp\/v2\/tags?post=918"}],"curies":[{"name":"wp","href":"https:\/\/api.w.org\/{rel}","templated":true}]}}