{"id":982,"date":"2025-09-02T23:30:58","date_gmt":"2025-09-02T23:30:58","guid":{"rendered":"https:\/\/interaccioninformativa.mx\/?p=982"},"modified":"2025-09-08T17:52:15","modified_gmt":"2025-09-08T17:52:15","slug":"cuando-y-donde-impactara-la-tormenta-tropical-lorena","status":"publish","type":"post","link":"https:\/\/interaccioninformativa.mx\/index.php\/2025\/09\/02\/cuando-y-donde-impactara-la-tormenta-tropical-lorena\/","title":{"rendered":"\u00bfCU\u00c1NDO Y D\u00d3NDE IMPACTAR\u00c1 LA TORMENTA TROPICAL LORENA?"},"content":{"rendered":"\n<div class=\"wp-block-media-text is-stacked-on-mobile\"><figure class=\"wp-block-media-text__media\"><img loading=\"lazy\" decoding=\"async\" width=\"1024\" height=\"573\" src=\"https:\/\/interaccioninformativa.mx\/wp-content\/uploads\/2025\/09\/ru33jcSQ-1024x573.jpeg\" alt=\"\" class=\"wp-image-983 size-full\" srcset=\"https:\/\/interaccioninformativa.mx\/wp-content\/uploads\/2025\/09\/ru33jcSQ-1024x573.jpeg 1024w, https:\/\/interaccioninformativa.mx\/wp-content\/uploads\/2025\/09\/ru33jcSQ-300x168.jpeg 300w, https:\/\/interaccioninformativa.mx\/wp-content\/uploads\/2025\/09\/ru33jcSQ-768x429.jpeg 768w, https:\/\/interaccioninformativa.mx\/wp-content\/uploads\/2025\/09\/ru33jcSQ.jpeg 1200w\" sizes=\"auto, (max-width: 1024px) 100vw, 1024px\" \/><\/figure><div class=\"wp-block-media-text__content\">\n<p>LO QUE DEBES SABER La tormenta tropical Lorena se forma en el Pac\u00edfico; podr\u00eda evolucionar a hurac\u00e1n categor\u00eda 1<\/p>\n<\/div><\/div>\n\n\n\n<p><\/p>\n","protected":false},"excerpt":{"rendered":"<div class=\"mh-excerpt\"><p>LO QUE DEBES SABER La tormenta tropical Lorena se forma en el Pac\u00edfico; podr\u00eda evolucionar a hurac\u00e1n categor\u00eda 1<\/p>\n<\/div>","protected":false},"author":1,"featured_media":983,"comment_status":"open","ping_status":"closed","sticky":false,"template":"","format":"standard","meta":{"footnotes":""},"categories":[1],"tags":[],"class_list":["post-982","post","type-post","status-publish","format-standard","has-post-thumbnail","hentry","category-noticias"],"_links":{"self":[{"href":"https:\/\/interaccioninformativa.mx\/index.php\/wp-json\/wp\/v2\/posts\/982","targetHints":{"allow":["GET"]}}],"collection":[{"href":"https:\/\/interaccioninformativa.mx\/index.php\/wp-json\/wp\/v2\/posts"}],"about":[{"href":"https:\/\/interaccioninformativa.mx\/index.php\/wp-json\/wp\/v2\/types\/post"}],"author":[{"embeddable":true,"href":"https:\/\/interaccioninformativa.mx\/index.php\/wp-json\/wp\/v2\/users\/1"}],"replies":[{"embeddable":true,"href":"https:\/\/interaccioninformativa.mx\/index.php\/wp-json\/wp\/v2\/comments?post=982"}],"version-history":[{"count":1,"href":"https:\/\/interaccioninformativa.mx\/index.php\/wp-json\/wp\/v2\/posts\/982\/revisions"}],"predecessor-version":[{"id":984,"href":"https:\/\/interaccioninformativa.mx\/index.php\/wp-json\/wp\/v2\/posts\/982\/revisions\/984"}],"wp:featuredmedia":[{"embeddable":true,"href":"https:\/\/interaccioninformativa.mx\/index.php\/wp-json\/wp\/v2\/media\/983"}],"wp:attachment":[{"href":"https:\/\/interaccioninformativa.mx\/index.php\/wp-json\/wp\/v2\/media?parent=982"}],"wp:term":[{"taxonomy":"category","embeddable":true,"href":"https:\/\/interaccioninformativa.mx\/index.php\/wp-json\/wp\/v2\/categories?post=982"},{"taxonomy":"post_tag","embeddable":true,"href":"https:\/\/interaccioninformativa.mx\/index.php\/wp-json\/wp\/v2\/tags?post=982"}],"curies":[{"name":"wp","href":"https:\/\/api.w.org\/{rel}","templated":true}]}}